{"id":14641,"date":"2023-09-21T23:26:20","date_gmt":"2023-09-22T02:26:20","guid":{"rendered":"https:\/\/www.semanariolocal.cl\/?p=14641"},"modified":"2023-09-21T23:29:40","modified_gmt":"2023-09-22T02:29:40","slug":"el-18-en-la-araucania","status":"publish","type":"post","link":"https:\/\/www.semanariolocal.cl\/?p=14641","title":{"rendered":"El 18 en La Araucan\u00eda"},"content":{"rendered":"\n<p>En medio de las Fiestas Patrias que coparon las calles de Chile, una realidad paralela se fraguaba en La Araucan\u00eda. Las autoridades advirtieron con una alerta roja el viernes 15 de septiembre que Puc\u00f3n, Tolt\u00e9n, Teodoro Schimdt y Curarrehue, podr\u00edan verse afectadas por las crecidas de los r\u00edos Tolt\u00e9n y Trancura, eso mientras Melipeuco y Curacaut\u00edn, estaban en alerta amarilla.<\/p>\n\n\n\n<p>Entre cueca y cueca, algunos se enteraron de las viviendas destruidas, de las miles de personas aisladas, del m\u00e1s de un centenar de damnificados y de una familia de tres miembros sepultada bajo la fuerza de un alud de barro. Los cuerpos de los padres y de la hija de 17 a\u00f1os fueron encontrados el 18 de septiembre.<\/p>\n\n\n\n<p>As\u00ed, mientras algunos celebraban, otros, en su mayor\u00eda, los m\u00e1s pobres y vulnerables, los que viven segregados, en la ruralidad de un territorio pehuenche andino, muy cerca del paso fronterizo, enfrentaban la salvaje embestida de un breve e intenso diluvio, perdiendo lo poco que ten\u00edan.<\/p>\n\n\n\n<p>Pasado el shock de la cat\u00e1strofe, nos vemos desafiados a asumir los aprendizajes pendientes de la \u00faltima tragedia, como la rabia y el anhelo urgente de pol\u00edticas p\u00fablicas a la altura del cambio clim\u00e1tico que ya est\u00e1 encima.<\/p>\n\n\n\n<p>Porque de poco sirven las alarmas de colores cuando la emergencia est\u00e1 \u2013literalmente\u2013 encima. Y no es casual que los colores de la emergencia se aten\u00faen cuando nos alejamos del centro del pa\u00eds. Somos, seguimos siendo centralistas y de lucideces fugaces. Por eso quiz\u00e1s parecemos aceptar como \u201cnormal\u201d que cada invierno se pierdan cientos de viviendas y que otras queden sumergidas bajo el agua. Y que, luego, en cada verano, miles de hect\u00e1reas vuelvan a ser devoradas por el fuego, con saldos tr\u00e1gicos de vidas perdidas.<\/p>\n\n\n\n<p>Nuestra regi\u00f3n est\u00e1 entregada, como tierra de nadie, al depredador de turno. En el sur de Chile por todas partes los especuladores transformaron la vulnerabilidad y la pobreza en un buen negocio y la condici\u00f3n humana en la f\u00e1brica de la pr\u00f3xima cat\u00e1strofe: el que envenen\u00f3 las napas con relaves, el que vendi\u00f3 viviendas en sectores no aptos para la vida humana, el que tal\u00f3 hect\u00e1reas de \u00e1rboles indiscriminadamente y acidific\u00f3 la tierra, el que provoc\u00f3 incendios y el que vaci\u00f3 su basura en los cauces del r\u00edo.<\/p>\n\n\n\n<p>Esto est\u00e1 pasando, no es ret\u00f3rica y, como siempre, son los m\u00e1s pobres quienes pagan el precio m\u00e1s alto. La Araucan\u00eda tiene casi 34 mil personas viviendo en pobreza extrema y a casi 200 mil en pobreza multidimensional, de acuerdo a los recientes datos de la CASEN. Seg\u00fan esa encuesta, ya no somos la regi\u00f3n m\u00e1s pobre del pa\u00eds; nos supera \u00d1uble. Ciertamente el dato est\u00e1 lejos de ser un triunfo. Las oscilaciones clim\u00e1ticas, consecuencia de la ebullici\u00f3n global, obliga a dejar de mirar imp\u00e1vidos la tragedia. Chile debe intensificar sus esfuerzos para mitigar este fen\u00f3meno, implementando medidas orientadas a proteger a los m\u00e1s pobres y vulnerables. No podemos acostumbrarnos a que quienes viven en la precariedad se quemen en verano y se inunden en invierno.<\/p>\n\n\n\n<p><strong>Por Pedro Urrutia, jefe social territorial de Hogar de Cristo.<\/strong><\/p>\n","protected":false},"excerpt":{"rendered":"<p>Entre cueca y cueca, algunos se enteraron de las viviendas destruidas, de las miles de personas aisladas, del m\u00e1s de un centenar de damnificados y de una familia de tres miembros sepultada bajo la fuerza de un alud de barro. <\/p>\n","protected":false},"author":1,"featured_media":14642,"comment_status":"closed","ping_status":"closed","sticky":false,"template":"","format":"standard","meta":{"footnotes":""},"categories":[3,7],"tags":[1194,337,273,132,247,133,2225],"class_list":["post-14641","post","type-post","status-publish","format-standard","has-post-thumbnail","hentry","category-al-dia","category-opinion","tag-hogar-de-cristo","tag-informacion","tag-noticias","tag-osorno","tag-region-de-los-lagos","tag-semanario-local","tag-solidaridad"],"_links":{"self":[{"href":"https:\/\/www.semanariolocal.cl\/index.php?rest_route=\/wp\/v2\/posts\/14641","targetHints":{"allow":["GET"]}}],"collection":[{"href":"https:\/\/www.semanariolocal.cl\/index.php?rest_route=\/wp\/v2\/posts"}],"about":[{"href":"https:\/\/www.semanariolocal.cl\/index.php?rest_route=\/wp\/v2\/types\/post"}],"author":[{"embeddable":true,"href":"https:\/\/www.semanariolocal.cl\/index.php?rest_route=\/wp\/v2\/users\/1"}],"replies":[{"embeddable":true,"href":"https:\/\/www.semanariolocal.cl\/index.php?rest_route=%2Fwp%2Fv2%2Fcomments&post=14641"}],"version-history":[{"count":1,"href":"https:\/\/www.semanariolocal.cl\/index.php?rest_route=\/wp\/v2\/posts\/14641\/revisions"}],"predecessor-version":[{"id":14643,"href":"https:\/\/www.semanariolocal.cl\/index.php?rest_route=\/wp\/v2\/posts\/14641\/revisions\/14643"}],"wp:featuredmedia":[{"embeddable":true,"href":"https:\/\/www.semanariolocal.cl\/index.php?rest_route=\/wp\/v2\/media\/14642"}],"wp:attachment":[{"href":"https:\/\/www.semanariolocal.cl\/index.php?rest_route=%2Fwp%2Fv2%2Fmedia&parent=14641"}],"wp:term":[{"taxonomy":"category","embeddable":true,"href":"https:\/\/www.semanariolocal.cl\/index.php?rest_route=%2Fwp%2Fv2%2Fcategories&post=14641"},{"taxonomy":"post_tag","embeddable":true,"href":"https:\/\/www.semanariolocal.cl\/index.php?rest_route=%2Fwp%2Fv2%2Ftags&post=14641"}],"curies":[{"name":"wp","href":"https:\/\/api.w.org\/{rel}","templated":true}]}}