{"id":14632,"date":"2023-09-21T23:02:13","date_gmt":"2023-09-22T02:02:13","guid":{"rendered":"https:\/\/www.semanariolocal.cl\/?p=14632"},"modified":"2023-09-21T23:02:14","modified_gmt":"2023-09-22T02:02:14","slug":"dispositivos-de-salud-mental-del-sso-conmemoran-el-dia-mundial-del-alzheimer","status":"publish","type":"post","link":"https:\/\/www.semanariolocal.cl\/?p=14632","title":{"rendered":"Dispositivos de salud mental del SSO conmemoran el D\u00eda Mundial del Alzheimer"},"content":{"rendered":"\n<p>La iniciativa contempl\u00f3 una serie de stands con material informativo disponible para los (as) usuarios (as), con el objetivo de sensibilizar a la comunidad sobre el deterioro cognitivo mayor y GES 85, y en general el trabajo que realizan ambos dispositivos de salud mental respecto del alzheimer.<\/p>\n\n\n\n<p>\u201cEstamos orientados a ir en ayuda de los familiares de personas que padecen alzheimer, y tras una reuni\u00f3n sostenida en esta reciente agrupaci\u00f3n, se acord\u00f3 que apoyemos a los cuidadores porque tienen una gran responsabilidad; es un agrado trabajar con este centro porque es una gran ayuda para los familiares, accesible para las personas, quienes reciben una excelente atenci\u00f3n y encantados de colaborar en esta jornada en el&nbsp;<strong>Hospital Base de Osorno<\/strong>\u201d, se\u00f1al\u00f3 Francisco Navarro, presidente de la agrupaci\u00f3n de familiares de pacientes del Centro de Adulto Mayor K\u00fcmelen.<\/p>\n\n\n\n<p>En tanto, Mauricio Alarc\u00f3n, kinesi\u00f3logo de la Unidad de Memoria Ayekan, explic\u00f3 que \u201cesta actividad es organizada por dos dispositivos de salud mental pioneros a nivel nacional, en esta fecha que se conmemora desde 1994, y se encargan de diagnosticar y tratar las demencias en nuestra Red Asistencial; hoy tenemos stands promocionales de la salud para educar, aprender y resolver dudas sobre el alzheimer; el objetivo es principalmente el diagn\u00f3stico y tratamiento de las personas y familiares que sufren de esta patolog\u00eda que crece a\u00f1o a a\u00f1o, y no se debe asociar solamente a la edad, porque no todos los olvidos significan una demencia ni todas las demencias se pueden manifestar con alg\u00fan tipo de olvido\u201d.&nbsp;<\/p>\n\n\n\n<p>Las demencias son un conjunto de enfermedades caracterizadas por p\u00e9rdida de habilidades previamente adquiridas como memoria, lenguaje, juicio o razonamiento y que tambi\u00e9n se asocian a trastornos emocionales y del comportamiento, alteraciones que interfieren en la vida diaria. El alzheimer es la demencia m\u00e1s frecuente, cuya regularidad aumenta en la medida que envejecemos<strong>.&nbsp;<\/strong>Las demencias son parte del sistema de&nbsp;<strong>Garant\u00edas Expl\u00edcitas en Salud (GES)<\/strong>, lo que significa que su diagn\u00f3stico y tratamiento est\u00e1n garantizados por Ley.<\/p>\n\n\n\n<p>El&nbsp;<strong>Servicio de Salud Osorno<\/strong>&nbsp;los invita a consultar en su CESFAM y estar informados permanentemente de las opciones para la formaci\u00f3n de cuidadores que se realizan por los dos dispositivos especializados en demencia de la red de Salud Mental: Centro K\u00fcmelen @centrokumelen.osorno y Unidad de Memoria Ayekan @um_ayekan, en el Servicio de Salud Osorno&nbsp;<a href=\"http:\/\/www.ssosorno.cl\/\" target=\"_blank\" rel=\"noreferrer noopener\">www.ssosorno.cl<\/a>&nbsp;y su p\u00e1gina de Facebook.<\/p>\n","protected":false},"excerpt":{"rendered":"<p>En el hall del Hospital Base San Jos\u00e9 Osorno se realiz\u00f3 una feria informativa con motivo del D\u00eda Mundial del Alzheimer, cuya actividad fue organizada por los dispositivos Unidad de Memoria Ayekan y el Centro del Adulto Mayor K\u00fcmelen, ambos pertenecientes al Departamento de Salud Mental del Servicio de Salud Osorno.<\/p>\n","protected":false},"author":1,"featured_media":14633,"comment_status":"closed","ping_status":"closed","sticky":false,"template":"","format":"standard","meta":{"footnotes":""},"categories":[3],"tags":[2118,273,247,56,133],"class_list":["post-14632","post","type-post","status-publish","format-standard","has-post-thumbnail","hentry","category-al-dia","tag-semanariolocal","tag-noticias","tag-region-de-los-lagos","tag-salud","tag-semanario-local"],"_links":{"self":[{"href":"https:\/\/www.semanariolocal.cl\/index.php?rest_route=\/wp\/v2\/posts\/14632","targetHints":{"allow":["GET"]}}],"collection":[{"href":"https:\/\/www.semanariolocal.cl\/index.php?rest_route=\/wp\/v2\/posts"}],"about":[{"href":"https:\/\/www.semanariolocal.cl\/index.php?rest_route=\/wp\/v2\/types\/post"}],"author":[{"embeddable":true,"href":"https:\/\/www.semanariolocal.cl\/index.php?rest_route=\/wp\/v2\/users\/1"}],"replies":[{"embeddable":true,"href":"https:\/\/www.semanariolocal.cl\/index.php?rest_route=%2Fwp%2Fv2%2Fcomments&post=14632"}],"version-history":[{"count":1,"href":"https:\/\/www.semanariolocal.cl\/index.php?rest_route=\/wp\/v2\/posts\/14632\/revisions"}],"predecessor-version":[{"id":14634,"href":"https:\/\/www.semanariolocal.cl\/index.php?rest_route=\/wp\/v2\/posts\/14632\/revisions\/14634"}],"wp:featuredmedia":[{"embeddable":true,"href":"https:\/\/www.semanariolocal.cl\/index.php?rest_route=\/wp\/v2\/media\/14633"}],"wp:attachment":[{"href":"https:\/\/www.semanariolocal.cl\/index.php?rest_route=%2Fwp%2Fv2%2Fmedia&parent=14632"}],"wp:term":[{"taxonomy":"category","embeddable":true,"href":"https:\/\/www.semanariolocal.cl\/index.php?rest_route=%2Fwp%2Fv2%2Fcategories&post=14632"},{"taxonomy":"post_tag","embeddable":true,"href":"https:\/\/www.semanariolocal.cl\/index.php?rest_route=%2Fwp%2Fv2%2Ftags&post=14632"}],"curies":[{"name":"wp","href":"https:\/\/api.w.org\/{rel}","templated":true}]}}