{"id":14570,"date":"2023-09-15T16:41:39","date_gmt":"2023-09-15T19:41:39","guid":{"rendered":"https:\/\/www.semanariolocal.cl\/?p=14570"},"modified":"2023-09-15T16:41:39","modified_gmt":"2023-09-15T19:41:39","slug":"arquitectura-ulagos-estudia-instalacion-de-tren-regional-con-proyectos-de-desarrollo","status":"publish","type":"post","link":"https:\/\/www.semanariolocal.cl\/?p=14570","title":{"rendered":"Arquitectura ULagos estudia instalaci\u00f3n de tren regional con proyectos de desarrollo"},"content":{"rendered":"\n<p>Una vieja aspiraci\u00f3n de desarrollo y bienestar para los habitantes de la Regi\u00f3n de Los Lagos es la instalaci\u00f3n y reposici\u00f3n de una red de trenes que mejore la conectividad en el territorio. En esta l\u00ednea, la carrera de Arquitectura ULagos consciente de esta sentida e importante aspiraci\u00f3n para nuestras comunidades locales, aborda la anunciada instalaci\u00f3n del servicio de tren en Puerto Montt y de acercamiento para las personas que viven y trabajan&nbsp; el sector de Alerce y en las ciudades de Puerto Varas y Llanquihue.<\/p>\n\n\n\n<p>Es as\u00ed como estudiantes de cuarto a\u00f1o de la asignatura de Modelo Urbano, junto al equipo acad\u00e9mico integrado por el doctor Mario del Castillo y la doctora Claudia Castillo est\u00e1n trabajando en 8 proyectos que analizan desaf\u00edos y oportunidades que surgen con el regreso del tren a la zona.<\/p>\n\n\n\n<p>Se trata de planes de trabajo arquitect\u00f3nicos que contemplan la opini\u00f3n de distintos actores locales y ciudadanos. Es as\u00ed como El d\u00eda 7 de septiembre se realiz\u00f3 un primer conversatorio &nbsp;denominado \u201cPlan Tren de Cercan\u00edas 30-30, Barrios Estaci\u00f3n en el tramo Llanquihue-Puerto Montt\u201d, en el edificio de Arquitectura ubicado en calle Serena#77, en Puerto Montt.<\/p>\n\n\n\n<p>En la actividad participaron Pablo Joost, secretario ministerial de Transportes y Telecomunicaciones de Los Lagos; &nbsp;Francisca Sanz, past president de la C\u00e1mara Chilena de la Construcci\u00f3n Puerto Montt y actual presidenta de la Comisi\u00f3n Sustentabilidad de la misma C\u00e1mara; Cristian L\u00f3pez, jefe de&nbsp; divisi\u00f3n de Infraestructura y Transporte del GORE Los Lagos y Tamara Rammsy, presidenta del Colegio de Arquitectos Delegaci\u00f3n Llanquihue.<\/p>\n\n\n\n<p>Se trat\u00f3 de una reuni\u00f3n donde se analizaron las ideas que vienen desde el gobierno para el desarrollo del servicio de trenes y tambi\u00e9n de posibles lineamientos que informar\u00e1n las propuestas que el estudiantado presentar\u00e1 al finalizar el semestre en curso. Este conversatorio es el primero de varios, que el Departamento de Arquitectura organizar\u00e1 para tratar el tema del tren en la regi\u00f3n.<\/p>\n","protected":false},"excerpt":{"rendered":"<p>Se trata de planes de trabajo arquitect\u00f3nicos que contemplan la opini\u00f3n de distintos actores locales y ciudadanos.<\/p>\n","protected":false},"author":1,"featured_media":14571,"comment_status":"closed","ping_status":"closed","sticky":false,"template":"","format":"standard","meta":{"footnotes":""},"categories":[3],"tags":[2155,2118,337,273,132,247,133,84,297],"class_list":["post-14570","post","type-post","status-publish","format-standard","has-post-thumbnail","hentry","category-al-dia","tag-noticias-2","tag-semanariolocal","tag-informacion","tag-noticias","tag-osorno","tag-region-de-los-lagos","tag-semanario-local","tag-ulagos","tag-universidad-de-los-lagos"],"_links":{"self":[{"href":"https:\/\/www.semanariolocal.cl\/index.php?rest_route=\/wp\/v2\/posts\/14570","targetHints":{"allow":["GET"]}}],"collection":[{"href":"https:\/\/www.semanariolocal.cl\/index.php?rest_route=\/wp\/v2\/posts"}],"about":[{"href":"https:\/\/www.semanariolocal.cl\/index.php?rest_route=\/wp\/v2\/types\/post"}],"author":[{"embeddable":true,"href":"https:\/\/www.semanariolocal.cl\/index.php?rest_route=\/wp\/v2\/users\/1"}],"replies":[{"embeddable":true,"href":"https:\/\/www.semanariolocal.cl\/index.php?rest_route=%2Fwp%2Fv2%2Fcomments&post=14570"}],"version-history":[{"count":1,"href":"https:\/\/www.semanariolocal.cl\/index.php?rest_route=\/wp\/v2\/posts\/14570\/revisions"}],"predecessor-version":[{"id":14572,"href":"https:\/\/www.semanariolocal.cl\/index.php?rest_route=\/wp\/v2\/posts\/14570\/revisions\/14572"}],"wp:featuredmedia":[{"embeddable":true,"href":"https:\/\/www.semanariolocal.cl\/index.php?rest_route=\/wp\/v2\/media\/14571"}],"wp:attachment":[{"href":"https:\/\/www.semanariolocal.cl\/index.php?rest_route=%2Fwp%2Fv2%2Fmedia&parent=14570"}],"wp:term":[{"taxonomy":"category","embeddable":true,"href":"https:\/\/www.semanariolocal.cl\/index.php?rest_route=%2Fwp%2Fv2%2Fcategories&post=14570"},{"taxonomy":"post_tag","embeddable":true,"href":"https:\/\/www.semanariolocal.cl\/index.php?rest_route=%2Fwp%2Fv2%2Ftags&post=14570"}],"curies":[{"name":"wp","href":"https:\/\/api.w.org\/{rel}","templated":true}]}}