{"id":14565,"date":"2023-09-15T13:03:57","date_gmt":"2023-09-15T16:03:57","guid":{"rendered":"https:\/\/www.semanariolocal.cl\/?p=14565"},"modified":"2023-09-15T13:03:58","modified_gmt":"2023-09-15T16:03:58","slug":"entran-en-vigencia-politicas-de-zonas-extremas-y-zonas-en-desarrollo-en-materia-social","status":"publish","type":"post","link":"https:\/\/www.semanariolocal.cl\/?p=14565","title":{"rendered":"Entran en vigencia Pol\u00edticas de Zonas Extremas y Zonas en Desarrollo en Materia Social"},"content":{"rendered":"\n<p>El Diario oficial ya public\u00f3 los Decretos del Ejecutivo que fijan la Pol\u00edtica Nacional de Zonas Extremas (N\u00fam. 43.652) y la Pol\u00edtica de Zonas en Desarrollo en Materia Social (N\u00fam. 43.646)&nbsp;respectivamente, que permitir\u00e1n a los gobiernos regionales llevar a cabo nuevas inversiones y mejorar la calidad de vida de las personas; mejorar el proceso de c\u00f3mo se establece la inversi\u00f3n en las zonas que requieren m\u00e1s apoyo del Estado; y apoyar de manera equitativa y arm\u00f3nica al desarrollo del pa\u00eds producto de su ubicaci\u00f3n geogr\u00e1fica.<\/p>\n\n\n\n<p>La subsecretaria de Desarrollo Regional y Administrativo (Subdere), Francisca Perales, quien la semana pasada asisti\u00f3 a la Comisi\u00f3n de Zonas Extremas del Senado para exponer sobre esta tem\u00e1tica, destac\u00f3 que \u201cla publicaci\u00f3n de ambas pol\u00edticas demuestra la importancia del trabajo de la Subdere con los distintos actores para mejorar las condiciones y el est\u00e1ndar de c\u00f3mo se establecen los planes y las carteras de inversiones de todas las zonas que requieren de apoyos de Estado para mejorar sus condiciones de vida de las personas en todo Chile\u2019\u2019.<\/p>\n\n\n\n<p>La Subsecretar\u00eda de Desarrollo Regional y Administrativo, con el objetivo de dar continuidad a la ejecuci\u00f3n de los Planes Especiales de Desarrollo de Zonas Extremas (PEDZE) iniciados el 2014, comenz\u00f3 en 2022 el proceso de elaboraci\u00f3n de la Pol\u00edtica Nacional de Zonas Extremas con la participaci\u00f3n de distintos actores, que finalmente culmin\u00f3 en la publicaci\u00f3n del Diario Oficial. Esta nueva pol\u00edtica que, adem\u00e1s de las regiones de Arica y Parinacota, Ays\u00e9n, Magallanes, la Provincia de Palena y la comuna de Cocham\u00f3, ahora incorpora a la Regi\u00f3n de Tarapac\u00e1, la Provincia de Isla de Pascua y el Archipi\u00e9lago de Juan Fern\u00e1ndez, abordando estos nuevos territorios a trav\u00e9s de los planes de desarrollo, que resultan particularmente relevantes para las dos \u00faltimas zonas debido a su aislamiento geogr\u00e1fico.<\/p>\n\n\n\n<p>\u2018\u2019Uno de los objetivos de la Pol\u00edtica Nacional de&nbsp; Zonas Extremas es justamente la incorporaci\u00f3n de una perspectiva de derechos, que sea una pol\u00edtica que piense en los habitantes de los distintos territorios, en el desarrollo de estas zonas, promoviendo la descentralizaci\u00f3n con sentido de pertenencia para reducir las desigualdades territoriales, fomentando la cooperaci\u00f3n p\u00fablico-privada como eje de desarrollo, fortaleciendo la transparencia y la participaci\u00f3n ciudadana, entre otros componentes que tienen como fin \u00faltimo mejorar la calidad de vida las personas\u2019\u2019, se\u00f1al\u00f3 la titular de Subdere.<\/p>\n\n\n\n<p>Por otro lado, la Pol\u00edtica Nacional de Zonas en Desarrollo en Materia Social (ex Pol\u00edtica Nacional de Zonas Rezagadas en Materia Social), ahora incorpora el enfoque de derechos; nuevos elementos para la identificaci\u00f3n, determinaci\u00f3n y egreso de los territorios como Zona Rezagada en Materia Social; criterios para dar flexibilidad y ajustar las carteras de inversi\u00f3n ante el cambio de las condiciones iniciales permitiendo cumplir sus objetivos; normas para determinar la extensi\u00f3n excepcional de la vigencia de los planes; metodolog\u00edas para la formulaci\u00f3n de carteras m\u00e1s integradas; mecanismos de gobernanza, participaci\u00f3n ciudadana y transparencia desde el inicio de la intervenci\u00f3n; entre otros.<\/p>\n\n\n\n<p>\u2018\u2019Es un trabajo que se est\u00e1 realizando desde marzo del a\u00f1o pasado y que ya tiene concreci\u00f3n con este plan, y que va a permitir que los gobiernos regionales puedan actualizar sus carteras de inversi\u00f3n de las pol\u00edticas de Rezago y en Desarrollo\u2019\u2019, finaliz\u00f3 la subsecretaria Perales.<\/p>\n","protected":false},"excerpt":{"rendered":"<p>El Diario Oficial public\u00f3 ambos Decretos del Ejecutivo que permitir\u00e1n a los gobiernos regionales realizar nuevas inversiones, mejorar el proceso de inversi\u00f3n de las zonas que requieren mayor apoyo del Estado, y  promover el desarrollo de los diferentes territorios de forma equitativa y arm\u00f3nica.<\/p>\n","protected":false},"author":1,"featured_media":14566,"comment_status":"closed","ping_status":"closed","sticky":false,"template":"","format":"standard","meta":{"footnotes":""},"categories":[3],"tags":[2217,273,132,247,133,640,2216],"class_list":["post-14565","post","type-post","status-publish","format-standard","has-post-thumbnail","hentry","category-al-dia","tag-francisca-perales","tag-noticias","tag-osorno","tag-region-de-los-lagos","tag-semanario-local","tag-subdere","tag-zonas-extremas"],"_links":{"self":[{"href":"https:\/\/www.semanariolocal.cl\/index.php?rest_route=\/wp\/v2\/posts\/14565","targetHints":{"allow":["GET"]}}],"collection":[{"href":"https:\/\/www.semanariolocal.cl\/index.php?rest_route=\/wp\/v2\/posts"}],"about":[{"href":"https:\/\/www.semanariolocal.cl\/index.php?rest_route=\/wp\/v2\/types\/post"}],"author":[{"embeddable":true,"href":"https:\/\/www.semanariolocal.cl\/index.php?rest_route=\/wp\/v2\/users\/1"}],"replies":[{"embeddable":true,"href":"https:\/\/www.semanariolocal.cl\/index.php?rest_route=%2Fwp%2Fv2%2Fcomments&post=14565"}],"version-history":[{"count":1,"href":"https:\/\/www.semanariolocal.cl\/index.php?rest_route=\/wp\/v2\/posts\/14565\/revisions"}],"predecessor-version":[{"id":14567,"href":"https:\/\/www.semanariolocal.cl\/index.php?rest_route=\/wp\/v2\/posts\/14565\/revisions\/14567"}],"wp:featuredmedia":[{"embeddable":true,"href":"https:\/\/www.semanariolocal.cl\/index.php?rest_route=\/wp\/v2\/media\/14566"}],"wp:attachment":[{"href":"https:\/\/www.semanariolocal.cl\/index.php?rest_route=%2Fwp%2Fv2%2Fmedia&parent=14565"}],"wp:term":[{"taxonomy":"category","embeddable":true,"href":"https:\/\/www.semanariolocal.cl\/index.php?rest_route=%2Fwp%2Fv2%2Fcategories&post=14565"},{"taxonomy":"post_tag","embeddable":true,"href":"https:\/\/www.semanariolocal.cl\/index.php?rest_route=%2Fwp%2Fv2%2Ftags&post=14565"}],"curies":[{"name":"wp","href":"https:\/\/api.w.org\/{rel}","templated":true}]}}