{"id":14510,"date":"2023-09-11T19:38:43","date_gmt":"2023-09-11T22:38:43","guid":{"rendered":"https:\/\/www.semanariolocal.cl\/?p=14510"},"modified":"2023-09-11T19:38:44","modified_gmt":"2023-09-11T22:38:44","slug":"director-del-liceo-eleuterio-ramirez-de-osorno-es-rankeado-entre-los-30-mejores-de-chile","status":"publish","type":"post","link":"https:\/\/www.semanariolocal.cl\/?p=14510","title":{"rendered":"Director del Liceo Eleuterio Ram\u00edrez de Osorno es rankeado entre los 30 mejores de Chile"},"content":{"rendered":"\n<p>Se trata del reconocimiento que entrega la Fundaci\u00f3n Impulso Docente y que se da en el marco de la primera versi\u00f3n del Premio LED (L\u00edderes Educativos Directivos), instancia orientada a directores de Jardines, Salas Cunas, Colegios, Liceos y Escuelas, a lo largo y ancho de nuestro Pa\u00eds y de la cual participaron cerca de 900 profesionales. Instancia que premi\u00f3 dentro de los 30 mejores del Chile, al director del Liceo Eleuterio Ram\u00edrez de Osorno, Luis S\u00e1nchez Adasme, en la categor\u00eda Desarrollo Profesional Continuo del Equipo, el cual \u201c<em>brinda acompa\u00f1amiento sistem\u00e1tico a todos sus docentes y educadores mediante la observaci\u00f3n de aula, oportunidades de desarrollo profesional y retroalimentaci\u00f3n formativa, detectando adem\u00e1s buenas pr\u00e1cticas de aprendizaje, que luego difunden y analizan<\/em>\u201d, seg\u00fan dicta la definici\u00f3n del concurso.<\/p>\n\n\n\n<p>Al respecto, S\u00e1nchez explic\u00f3 que los antecedentes expuestos a la comisi\u00f3n, \u201c<strong><em>tiene relaci\u00f3n con el trabajo mancomunado y vinculativo que desarrollamos entre todos quienes somos parte de la comunidad escolar. Se trata de una idea que se ejecuta gracias al trabajo colaborativo entre el equipo directivo, docentes, asistentes de la Educaci\u00f3n, auxiliares de servicio, estudiantes y que cuenta con el irrestricto apoyo de las propias familias. Es gracias a esta labor complementada que podemos hacer de la Educaci\u00f3n P\u00fablica un proceso de formaci\u00f3n integral, y de la gesti\u00f3n interna un acci\u00f3n eficiente<\/em><\/strong>\u201d.<\/p>\n\n\n\n<p>En t\u00e9rminos pr\u00e1cticos, explic\u00f3, \u201c<strong><em>tiene que ver con establecer objetivos claros y conocer la visi\u00f3n de todos los estamentos que son parte de la comunidad educativa sobre su ejecuci\u00f3n, toda vez que cada opini\u00f3n es un verdadero aporte en los procesos de mejora del plan educativo y nos permite perfeccionarnos cada d\u00eda no solo en materia pedag\u00f3gica, sino que adem\u00e1s en la propia gesti\u00f3n administrativa y t\u00e9cnica del establecimiento<\/em><\/strong>\u201d.<\/p>\n\n\n\n<p>Frente al Premio LED, el directivo se mostr\u00f3 agradecido \u201c<strong><em>por el reconocimiento que se hace a nivel pa\u00eds, no solo de mi gesti\u00f3n como Director de un Liceo de Ense\u00f1anza Municipal de Osorno, sino que tambi\u00e9n es un reconocimiento a todo el equipo y comunidad escolar que acompa\u00f1a esta labor, ya que sin su apoyo, sin el compromiso demostrado por todos y todas, las metas que nos proponemos dif\u00edcilmente podr\u00edan ser alcanzadas<\/em><\/strong>\u201d.<\/p>\n\n\n\n<p>Por su parte, el director del Departamento de Administraci\u00f3n de Educaci\u00f3n Municipal (DAEM) de Osorno, Jorge Raddatz, destac\u00f3 el reconocimiento que demuestra \u201c<strong><em>el verdadero liderazgo inclusivo que ha demostrado don Luis S\u00e1nchez en su calidad de director. Un trabajo en el cual ha sabido apoyarse en su equipo, logrando a su vez la colaboraci\u00f3n de todos los estamentos del recinto formativo y por, sobre todo, el de los apoderados, que son parte fundamental de este c\u00edrculo virtuoso de trabajo que ha promovido, y que deja por resultado, los buenos indicadores pedag\u00f3gicos y laborales, que tiene el Liceo Eleuterio Ram\u00edrez<\/em><\/strong>\u201d.<\/p>\n\n\n\n<p><strong>PREMIO LED<\/strong><\/p>\n\n\n\n<p>Organizado por Fundaci\u00f3n Impulso Docente, junto a Fundaci\u00f3n Mustakis y El Mercurio, tuvo por objeto \u2013 y como dictan sus bases- \u201c<em>premiar a directores que est\u00e9n implementando pr\u00e1cticas de liderazgo transformadoras y movilizadoras en diferentes \u00e1mbitos&#8230;[]\u2026Un proyecto que busca reconocer el liderazgo positivo en los centros educacionales del pa\u00eds, resaltando a quienes, con su trabajo, buscan proporcionar ambientes de aprendizaje seguros, sin violencia, inclusivos y equitativos\u201d.<\/em><\/p>\n\n\n\n<p>El concurso, cont\u00f3 con la participaci\u00f3n de cerca de 900 directores, tras lo cual se premi\u00f3 a los cinco mejores, por cada una de las seis categor\u00edas correspondientes a: desarrollo profesional continuo del equipo; innovaci\u00f3n tecnol\u00f3gica; estrategias innovadoras para el desarrollo integral; relaciones comunitarias y articulaci\u00f3n con el medio, y convivencia, buen trato y salud mental; inclusi\u00f3n y equidad.<\/p>\n\n\n\n<p>Para la selecci\u00f3n, las propuestas fueron evaluadas por un Comit\u00e9 Asesor, subdividido por jurados espec\u00edficos para cada secci\u00f3n, tales como: Andrea Osorio, de la Direcci\u00f3n de Educaci\u00f3n General; Jos\u00e9 Joaquin Brunner, Ex Ministro Secretario General de Gobierno; Francisca Elgueta, de Global (Teacher Prize 2022; Jos\u00e9 Andr\u00e9s Murillo, de Fundaci\u00f3n para la Confianza; Adriana del Piano, ex Ministra de Educaci\u00f3n; Jos\u00e9 Miguel Benavente, Vicepresidente de Corfo; Mart\u00edn C\u00e1ceres, del Centro de Innovaci\u00f3n del Mineduc, entre otros.&nbsp;<\/p>\n","protected":false},"excerpt":{"rendered":"<p>El reconocimiento, obtenido por el director Luis S\u00e1nchez Adasme, es gracias al trabajo ejecutado en la categor\u00eda \u201cDesarrollo Profesional Continuo del Equipo\u201d y que involucra a toda su comunidad educativa.<\/p>\n","protected":false},"author":1,"featured_media":14511,"comment_status":"closed","ping_status":"closed","sticky":false,"template":"","format":"standard","meta":{"footnotes":""},"categories":[3,11],"tags":[2118,1932,337,2201,273,132,247,133],"class_list":["post-14510","post","type-post","status-publish","format-standard","has-post-thumbnail","hentry","category-al-dia","category-educacion","tag-semanariolocal","tag-esclerosis-multiple","tag-informacion","tag-liceo-eleuterio-ramirez","tag-noticias","tag-osorno","tag-region-de-los-lagos","tag-semanario-local"],"_links":{"self":[{"href":"https:\/\/www.semanariolocal.cl\/index.php?rest_route=\/wp\/v2\/posts\/14510","targetHints":{"allow":["GET"]}}],"collection":[{"href":"https:\/\/www.semanariolocal.cl\/index.php?rest_route=\/wp\/v2\/posts"}],"about":[{"href":"https:\/\/www.semanariolocal.cl\/index.php?rest_route=\/wp\/v2\/types\/post"}],"author":[{"embeddable":true,"href":"https:\/\/www.semanariolocal.cl\/index.php?rest_route=\/wp\/v2\/users\/1"}],"replies":[{"embeddable":true,"href":"https:\/\/www.semanariolocal.cl\/index.php?rest_route=%2Fwp%2Fv2%2Fcomments&post=14510"}],"version-history":[{"count":1,"href":"https:\/\/www.semanariolocal.cl\/index.php?rest_route=\/wp\/v2\/posts\/14510\/revisions"}],"predecessor-version":[{"id":14512,"href":"https:\/\/www.semanariolocal.cl\/index.php?rest_route=\/wp\/v2\/posts\/14510\/revisions\/14512"}],"wp:featuredmedia":[{"embeddable":true,"href":"https:\/\/www.semanariolocal.cl\/index.php?rest_route=\/wp\/v2\/media\/14511"}],"wp:attachment":[{"href":"https:\/\/www.semanariolocal.cl\/index.php?rest_route=%2Fwp%2Fv2%2Fmedia&parent=14510"}],"wp:term":[{"taxonomy":"category","embeddable":true,"href":"https:\/\/www.semanariolocal.cl\/index.php?rest_route=%2Fwp%2Fv2%2Fcategories&post=14510"},{"taxonomy":"post_tag","embeddable":true,"href":"https:\/\/www.semanariolocal.cl\/index.php?rest_route=%2Fwp%2Fv2%2Ftags&post=14510"}],"curies":[{"name":"wp","href":"https:\/\/api.w.org\/{rel}","templated":true}]}}