{"id":14478,"date":"2023-09-08T10:32:05","date_gmt":"2023-09-08T13:32:05","guid":{"rendered":"https:\/\/www.semanariolocal.cl\/?p=14478"},"modified":"2023-09-09T10:39:15","modified_gmt":"2023-09-09T13:39:15","slug":"preocupacion-por-demoras-en-la-ejecucion-de-proyectos-de-infraestructura-policial","status":"publish","type":"post","link":"https:\/\/www.semanariolocal.cl\/?p=14478","title":{"rendered":"Preocupaci\u00f3n por demoras en la ejecuci\u00f3n de proyectos de infraestructura policial"},"content":{"rendered":"\n<p>Luego de la&nbsp; exposici\u00f3n realizada por representantes del Departamento de Proyectos de Carabineros, los consejeros Juan C\u00e1rcamo y C\u00e9sar Negr\u00f3n hicieron p\u00fablica su preocupaci\u00f3n con respecto a la situaci\u00f3n actual de varios proyectos de Carabineros que enfrentan retrasos significativos en su ejecuci\u00f3n. Estos retrasos han impactado negativamente en el avance de proyectos clave para la instituci\u00f3n en la provincia, y las autoridades locales est\u00e1n instando a simplificar y acelerar los procesos de revisi\u00f3n para superar esta problem\u00e1tica.<\/p>\n\n\n\n<p>Uno de los proyectos destacados en la provincia de Llanquihue es la construcci\u00f3n del Centro de Entrenamiento en Operaciones Policiales (C.E.O.P.), que implica una inversi\u00f3n cercana a los $1.706.773.000. Este proyecto ha sido aprobado con su Resoluci\u00f3n Suprema desde octubre de 2022, pero a\u00fan se est\u00e1 esperando un cronograma de licitaci\u00f3n para su ejecuci\u00f3n. El coronel Fernando Fajardo explic\u00f3 que, \u201cesta reuni\u00f3n tuvo como objetivo evaluar el progreso de diversos proyectos que se est\u00e1n llevando a cabo, algunos de los cuales son de car\u00e1cter sectorial y otros financiados a trav\u00e9s de fondos de desarrollo regional. Se resalt\u00f3 la importancia de acelerar ciertos procesos y comprender las necesidades de la polic\u00eda en la regi\u00f3n\u201d.<\/p>\n\n\n\n<p>En la presentaci\u00f3n Carabineros expuso su cartera de proyectos para el presente a\u00f1o y el pr\u00f3ximo, incluyendo la situaci\u00f3n actual de algunos dise\u00f1os que a\u00fan no han recibido financiamiento. El consejero Juan C\u00e1rcamo expres\u00f3, \u201csin lugar a dudas que Carabineros de Chile en la regi\u00f3n es una instituci\u00f3n que trabaja arduamente y que es la que m\u00e1s recibe las denuncias por los delitos de distintas \u00edndoles. Y por eso nosotros estamos preocupados por lo que va a pasar con la Segunda Comisar\u00eda de Puerto Montt. Representa m\u00e1s del 38% de todo el movimiento de la provincia y tambi\u00e9n es un referente de la regi\u00f3n de c\u00f3mo se comportan los delitos en la regi\u00f3n de Los Lagos. Pero tambi\u00e9n tenemos el sector de Maull\u00edn, Parga de Fresia, hay situaciones en el sector de infraestructura que son deplorables. Pero yo quiero irme tambi\u00e9n especialmente al tema de la prevenci\u00f3n de la delincuencia. Y en eso Carabineros juega un papel muy importante y esperamos que el Consejo Regional y el Gobierno Regional a trav\u00e9s de su Gobernador puedan dotar de m\u00e1s drones, especialmente para poder colaborar en la labor diaria que hacen carabineros\u201d.<\/p>\n\n\n\n<p>Por su parte, C\u00e9sar Negr\u00f3n, consejero y presidente de la Comisi\u00f3n Provincial Llanquihue, resalt\u00f3 la urgencia de tres iniciativas que carecen de la revisi\u00f3n t\u00e9cnica y econ\u00f3mica (RATE). \u201cHoy d\u00eda tuvimos la presentaci\u00f3n de carabineros con respecto a su cartera de inversi\u00f3n para los a\u00f1os futuros, quedamos muy conformes, fue una presentaci\u00f3n bien completa, pero en lo personal me qued\u00e9 preocupado por tres iniciativas que me parecen que son del todo urgentes, pero que hoy d\u00eda nos informan que est\u00e1n sin RATE. \u00bfQu\u00e9 significa eso? Que est\u00e1n sin la revisi\u00f3n de los antecedentes t\u00e9cnicos y econ\u00f3micos, es decir, no nos dejaron claro si est\u00e1n en formulaci\u00f3n, est\u00e1n por ingresarse a su evaluaci\u00f3n o todav\u00eda no se comienza el proceso y nos referimos a las infraestructuras de Maull\u00edn, Los Muermos y en Fresia, en la localidad de Parga\u201d.<\/p>\n","protected":false},"excerpt":{"rendered":"<p>Las autoridades locales instan a las instancias correspondientes a agilizar estos procesos de revisi\u00f3n y aprobaci\u00f3n de proyectos de Carabineros en la Provincia de Llanquihue, con el objetivo de garantizar un mejor servicio policial y una mayor seguridad en la regi\u00f3n.<\/p>\n","protected":false},"author":1,"featured_media":14479,"comment_status":"closed","ping_status":"closed","sticky":false,"template":"","format":"standard","meta":{"footnotes":""},"categories":[3,8,9],"tags":[2155,2118,246,2014,337,1029,273,132,113,247,2190,1073,133],"class_list":["post-14478","post","type-post","status-publish","format-standard","has-post-thumbnail","hentry","category-al-dia","category-comunas","category-gobierno","tag-noticias-2","tag-semanariolocal","tag-comunas","tag-core-region-de-los-lagos","tag-informacion","tag-llanquihue","tag-noticias","tag-osorno","tag-puerto-montt","tag-region-de-los-lagos","tag-seguridad-ciudadana","tag-seguridad-publica","tag-semanario-local"],"_links":{"self":[{"href":"https:\/\/www.semanariolocal.cl\/index.php?rest_route=\/wp\/v2\/posts\/14478","targetHints":{"allow":["GET"]}}],"collection":[{"href":"https:\/\/www.semanariolocal.cl\/index.php?rest_route=\/wp\/v2\/posts"}],"about":[{"href":"https:\/\/www.semanariolocal.cl\/index.php?rest_route=\/wp\/v2\/types\/post"}],"author":[{"embeddable":true,"href":"https:\/\/www.semanariolocal.cl\/index.php?rest_route=\/wp\/v2\/users\/1"}],"replies":[{"embeddable":true,"href":"https:\/\/www.semanariolocal.cl\/index.php?rest_route=%2Fwp%2Fv2%2Fcomments&post=14478"}],"version-history":[{"count":1,"href":"https:\/\/www.semanariolocal.cl\/index.php?rest_route=\/wp\/v2\/posts\/14478\/revisions"}],"predecessor-version":[{"id":14480,"href":"https:\/\/www.semanariolocal.cl\/index.php?rest_route=\/wp\/v2\/posts\/14478\/revisions\/14480"}],"wp:featuredmedia":[{"embeddable":true,"href":"https:\/\/www.semanariolocal.cl\/index.php?rest_route=\/wp\/v2\/media\/14479"}],"wp:attachment":[{"href":"https:\/\/www.semanariolocal.cl\/index.php?rest_route=%2Fwp%2Fv2%2Fmedia&parent=14478"}],"wp:term":[{"taxonomy":"category","embeddable":true,"href":"https:\/\/www.semanariolocal.cl\/index.php?rest_route=%2Fwp%2Fv2%2Fcategories&post=14478"},{"taxonomy":"post_tag","embeddable":true,"href":"https:\/\/www.semanariolocal.cl\/index.php?rest_route=%2Fwp%2Fv2%2Ftags&post=14478"}],"curies":[{"name":"wp","href":"https:\/\/api.w.org\/{rel}","templated":true}]}}