{"id":14435,"date":"2023-09-06T10:59:47","date_gmt":"2023-09-06T13:59:47","guid":{"rendered":"https:\/\/www.semanariolocal.cl\/?p=14435"},"modified":"2023-09-07T11:05:14","modified_gmt":"2023-09-07T14:05:14","slug":"diputado-barria-solicita-mayor-agilidad-en-aprobacion-de-proyectos-de-agua-potable","status":"publish","type":"post","link":"https:\/\/www.semanariolocal.cl\/?p=14435","title":{"rendered":"Diputado Barr\u00eda solicita mayor agilidad en  aprobaci\u00f3n de Proyectos de Agua Potable"},"content":{"rendered":"\n<p>Durante un recorrido por la regi\u00f3n de los lagos, el diputado Barr\u00eda pudo constatar las dificultades que enfrentan numerosas comunidades debido a la lentitud en la aprobaci\u00f3n de proyectos de agua potable rural. En particular, se refiri\u00f3 a la situaci\u00f3n cr\u00edtica en la comuna de Fresia, donde el alcalde Miguel C\u00e1rdenas expres\u00f3 su preocupaci\u00f3n al respecto.<\/p>\n\n\n\n<p><strong>\u00abLa burocracia y los tr\u00e1mites excesivos est\u00e1n obstaculizando el acceso a un recurso b\u00e1sico como el agua potable en nuestras comunidades. Es inaceptable que la gente siga dependiendo de camiones aljibe cuando existen proyectos viables que est\u00e1n paralizados debido a la demora en la obtenci\u00f3n de derechos de aprovechamiento de agua permanentes\u00bb,<\/strong>&nbsp;declar\u00f3 el diputado Barr\u00eda.<\/p>\n\n\n\n<p>El diputado enfatiz\u00f3 que la entrega de derechos de aprovechamiento de agua provisorios y transitorios no es suficiente para garantizar la ejecuci\u00f3n efectiva de estos proyectos, ya que no proporcionan la elegibilidad necesaria. Esta situaci\u00f3n afecta no solo a Fresia sino tambi\u00e9n a otras comunas de la regi\u00f3n de los lagos y del pa\u00eds en su conjunto.<\/p>\n\n\n\n<p>Barr\u00eda llam\u00f3 a una acci\u00f3n conjunta entre el Ministerio de Desarrollo Social y el Ministerio de Obras P\u00fablicas, en coordinaci\u00f3n con la Direcci\u00f3n General de Aguas, para agilizar la aprobaci\u00f3n de estos proyectos y garantizar que las comunidades tengan acceso oportuno y adecuado a agua potable.&nbsp;<strong>\u00abLa gente no puede seguir esperando, y es hora de superar estos obst\u00e1culos burocr\u00e1ticos para resolver este problema de manera eficaz\u00bb<\/strong>, concluy\u00f3 el diputado.<\/p>\n\n\n\n<p>La comunidad espera que esta llamada de atenci\u00f3n impulse acciones concretas por parte del gobierno para resolver esta problem\u00e1tica que afecta a numerosas familias que merecen una mejor calidad de vida y acceso a un recurso esencial como el agua potable.<\/p>\n","protected":false},"excerpt":{"rendered":"<p>El diputado H\u00e9ctor Barr\u00eda ha hecho un llamado urgente al Ministerio de Obras P\u00fablicas (MOP) y al Ministerio de Desarrollo Social para acelerar la aprobaci\u00f3n de proyectos de agua potable rural en la regi\u00f3n de los lagos y en todo el pa\u00eds. Esta solicitud surge en respuesta a la excesiva demora en la aprobaci\u00f3n de proyectos de aprovechamiento de agua, lo que ha generado una crisis en varias comunas, incluida Fresia.<\/p>\n","protected":false},"author":1,"featured_media":14436,"comment_status":"closed","ping_status":"closed","sticky":false,"template":"","format":"standard","meta":{"footnotes":""},"categories":[3,8,6],"tags":[2156,2155,2117,2118,1072,246,2166,2165,455,1732,337,273,132,2167,192,247,133],"class_list":["post-14435","post","type-post","status-publish","format-standard","has-post-thumbnail","hentry","category-al-dia","category-comunas","category-politica","tag-informacion-3","tag-noticias-2","tag-osorno-2","tag-semanariolocal","tag-agua-potable","tag-comunas","tag-dc","tag-democracia-cristiana","tag-diputado-distrito-25","tag-diputado-hector-barria","tag-informacion","tag-noticias","tag-osorno","tag-parlamentario","tag-politica","tag-region-de-los-lagos","tag-semanario-local"],"_links":{"self":[{"href":"https:\/\/www.semanariolocal.cl\/index.php?rest_route=\/wp\/v2\/posts\/14435","targetHints":{"allow":["GET"]}}],"collection":[{"href":"https:\/\/www.semanariolocal.cl\/index.php?rest_route=\/wp\/v2\/posts"}],"about":[{"href":"https:\/\/www.semanariolocal.cl\/index.php?rest_route=\/wp\/v2\/types\/post"}],"author":[{"embeddable":true,"href":"https:\/\/www.semanariolocal.cl\/index.php?rest_route=\/wp\/v2\/users\/1"}],"replies":[{"embeddable":true,"href":"https:\/\/www.semanariolocal.cl\/index.php?rest_route=%2Fwp%2Fv2%2Fcomments&post=14435"}],"version-history":[{"count":1,"href":"https:\/\/www.semanariolocal.cl\/index.php?rest_route=\/wp\/v2\/posts\/14435\/revisions"}],"predecessor-version":[{"id":14437,"href":"https:\/\/www.semanariolocal.cl\/index.php?rest_route=\/wp\/v2\/posts\/14435\/revisions\/14437"}],"wp:featuredmedia":[{"embeddable":true,"href":"https:\/\/www.semanariolocal.cl\/index.php?rest_route=\/wp\/v2\/media\/14436"}],"wp:attachment":[{"href":"https:\/\/www.semanariolocal.cl\/index.php?rest_route=%2Fwp%2Fv2%2Fmedia&parent=14435"}],"wp:term":[{"taxonomy":"category","embeddable":true,"href":"https:\/\/www.semanariolocal.cl\/index.php?rest_route=%2Fwp%2Fv2%2Fcategories&post=14435"},{"taxonomy":"post_tag","embeddable":true,"href":"https:\/\/www.semanariolocal.cl\/index.php?rest_route=%2Fwp%2Fv2%2Ftags&post=14435"}],"curies":[{"name":"wp","href":"https:\/\/api.w.org\/{rel}","templated":true}]}}