{"id":14413,"date":"2023-09-05T23:17:53","date_gmt":"2023-09-06T02:17:53","guid":{"rendered":"https:\/\/www.semanariolocal.cl\/?p=14413"},"modified":"2023-09-05T23:28:30","modified_gmt":"2023-09-06T02:28:30","slug":"con-jornada-de-dialogo-conmemoran-en-osorno-el-dia-de-la-ensenanza-media-tecnico-profesional","status":"publish","type":"post","link":"https:\/\/www.semanariolocal.cl\/?p=14413","title":{"rendered":"Con jornada de di\u00e1logo conmemoran en Osorno el d\u00eda de la Ense\u00f1anza Media T\u00e9cnico Profesional"},"content":{"rendered":"\n<p>En dependencias del Auditorio Enrique Vald\u00e9s de la Universidad de Los Lagos se llev\u00f3 a cabo el encuentro provincial de establecimientos de Ense\u00f1anza Media T\u00e9cnico Profesional 2023.<\/p>\n\n\n\n<p>Una actividad organizada y convocada por el Departamento Provincial de Educaci\u00f3n que reuni\u00f3 a directores , jefes de UTP , Coordinadores y estudiantes de establecimientos de ense\u00f1anza media que funcionan en modalidad T\u00e9cnico Profesional en la provincia de Osorno.<\/p>\n\n\n<div class=\"wp-block-image\">\n<figure class=\"alignleft size-full is-resized\"><img loading=\"lazy\" decoding=\"async\" src=\"https:\/\/www.semanariolocal.cl\/wp-content\/uploads\/2023\/09\/cordinadora.jpg\" alt=\"\" class=\"wp-image-14415\" style=\"width:431px;height:259px\" width=\"431\" height=\"259\" srcset=\"https:\/\/www.semanariolocal.cl\/wp-content\/uploads\/2023\/09\/cordinadora.jpg 1000w, https:\/\/www.semanariolocal.cl\/wp-content\/uploads\/2023\/09\/cordinadora-300x180.jpg 300w, https:\/\/www.semanariolocal.cl\/wp-content\/uploads\/2023\/09\/cordinadora-768x461.jpg 768w\" sizes=\"auto, (max-width: 431px) 100vw, 431px\" \/><\/figure>\n<\/div>\n\n\n<p>La Delegada Provincial Claudia Paillalef \u00a0valoro la instancia de dialogo y acercamiento profundizando en el esfuerzo que realiza el gobierno por dar una mayor identidad a los territorios vinculando la educaci\u00f3n t\u00e9cnico profesional a las necesidades propias de los distintos territorios.<\/p>\n\n\n\n<p>Por su parte el Director Provincial de la DEPROV Giovani Aravena Oyarz\u00fan destac\u00f3 el mandato Ministro de educaci\u00f3n Nicol\u00e1s Cataldo en reforzar las actividades que permitan poner en relieve la educaci\u00f3n de ense\u00f1anza media t\u00e9cnico profesional dado  que en materia de educaci\u00f3n son justamente los establecimientos TP los que est\u00e1n entregando profesionales cualificados y calificados que son en definitiva uno de los pilares fundamentales del desarrollo del pa\u00eds ya sea integrando a los egresados de esta modalidad o directamente al mundo laboral o con las habilidades esenciales para la continuidad de estudios en l\u00edneas concretas y clarificadas para los egresados.<\/p>\n\n\n\n<p>La \u00a0actividad realizada se centro en fortalecer la Dimensi\u00f3n Articulaci\u00f3n de los Est\u00e1ndares Indicativos de Desempe\u00f1o y los ejes de Reactivaci\u00f3n educativa a trav\u00e9s de la exposici\u00f3n de 3 conferencistas : Claudio Ruiz Oliva &#8211; Coordinador de la Red Intercomunal TP con la ponencia \u201c Estrategias de reactivaci\u00f3n educativa implementadas por EE TP de la Red\u201d; \u00a0\u00a0Danilo Curimilla Nu\u00f1ez de la ULA con el tema \u201cLa Importancia de la Ense\u00f1anza \u00a0EMTP y su proyecci\u00f3n en la ense\u00f1anza superior\u201d Y la Sra. \u00a0Jessica Bravo Tapia \u2013 Directora Sercotec Osorno quien present\u00f3 el tema \u201c El emprendimiento, alternativa para el desarrollo de la trayectoria laboral\u201d, entregando de manera amena y did\u00e1ctica su propia experiencia como emprendedora.<\/p>\n\n\n\n<h3 class=\"wp-block-heading\">\u00a0Educaci\u00f3n T\u00e9cnico Profesional<\/h3>\n\n\n\n<p>La Educaci\u00f3n Media T\u00e9cnico-Profesional (EMTP), es el nivel educativo orientado al desarrollo de aptitudes, competencias, habilidades y conocimientos, desde un enfoque de aprendizaje pr\u00e1ctico.<\/p>\n\n\n\n<p>La Educaci\u00f3n Media T\u00e9cnico-Profesional (EMTP), les da a los estudiantes la oportunidad de descubrir mejor sus talentos. Como es un tipo de formaci\u00f3n m\u00e1s flexible y modular, les permite ir adecu\u00e1ndose a los cambios que traen las nuevas tecnolog\u00edas y nuevas formas de trabajo.<\/p>\n\n\n\n<p>Hoy, existen 934 liceos t\u00e9cnico-profesionales y la matr\u00edcula en Educaci\u00f3n Media TP representa el 37% del total de estudiantes de 3ero y 4arto a\u00f1o de todo el pa\u00eds.<\/p>\n\n\n\n<p>De los m\u00e1s de 155 mil j\u00f3venes t\u00e9cnicos, un 52% son hombres y el 47% son mujeres. Y se imparten 35 Especialidades con 17 menciones, que involucran alrededor de 6.500 docentes<\/p>\n\n\n\n<p>Revise los alcances entregado por el Director Provincial de Educaci\u00f3n Giovani Aravena Oyarz\u00fan<\/p>\n\n\n\n<figure class=\"wp-block-embed is-type-video is-provider-youtube wp-block-embed-youtube wp-embed-aspect-16-9 wp-has-aspect-ratio\"><div class=\"wp-block-embed__wrapper\">\n<ul class=\"bxslider-vid\"><li><iframe loading=\"lazy\" title=\"Ense\u00f1anza T\u00e9cnico profesional\" width=\"1778\" height=\"1000\" src=\"https:\/\/www.youtube.com\/embed\/gi5H6VXD9SQ?feature=oembed\" frameborder=\"0\" allow=\"accelerometer; autoplay; clipboard-write; encrypted-media; gyroscope; picture-in-picture; web-share\" allowfullscreen><\/iframe><\/li><\/ul>\n<\/div><\/figure>\n","protected":false},"excerpt":{"rendered":"<p>Directores, jefes de UTP, Coordinadores y alumnos de cerca de 20 establecimientos TP de la provincia de Osorno se dieron cita en el auditorio Enrique Vald\u00e9s de la Universidad de Los Lagos para intercambiar experiencias y conocimientos en EMTP<\/p>\n","protected":false},"author":1,"featured_media":14414,"comment_status":"closed","ping_status":"closed","sticky":false,"template":"","format":"standard","meta":{"footnotes":""},"categories":[11],"tags":[2162,2161,170,2160,2163,337,273,132,247,133],"class_list":["post-14413","post","type-post","status-publish","format-standard","has-post-thumbnail","hentry","category-educacion","tag-educacion-tp","tag-emtp","tag-ensenanza-media","tag-ensenanza-media-tecnico-profesional","tag-giovani-aravena-oyarzun","tag-informacion","tag-noticias","tag-osorno","tag-region-de-los-lagos","tag-semanario-local"],"_links":{"self":[{"href":"https:\/\/www.semanariolocal.cl\/index.php?rest_route=\/wp\/v2\/posts\/14413","targetHints":{"allow":["GET"]}}],"collection":[{"href":"https:\/\/www.semanariolocal.cl\/index.php?rest_route=\/wp\/v2\/posts"}],"about":[{"href":"https:\/\/www.semanariolocal.cl\/index.php?rest_route=\/wp\/v2\/types\/post"}],"author":[{"embeddable":true,"href":"https:\/\/www.semanariolocal.cl\/index.php?rest_route=\/wp\/v2\/users\/1"}],"replies":[{"embeddable":true,"href":"https:\/\/www.semanariolocal.cl\/index.php?rest_route=%2Fwp%2Fv2%2Fcomments&post=14413"}],"version-history":[{"count":2,"href":"https:\/\/www.semanariolocal.cl\/index.php?rest_route=\/wp\/v2\/posts\/14413\/revisions"}],"predecessor-version":[{"id":14417,"href":"https:\/\/www.semanariolocal.cl\/index.php?rest_route=\/wp\/v2\/posts\/14413\/revisions\/14417"}],"wp:featuredmedia":[{"embeddable":true,"href":"https:\/\/www.semanariolocal.cl\/index.php?rest_route=\/wp\/v2\/media\/14414"}],"wp:attachment":[{"href":"https:\/\/www.semanariolocal.cl\/index.php?rest_route=%2Fwp%2Fv2%2Fmedia&parent=14413"}],"wp:term":[{"taxonomy":"category","embeddable":true,"href":"https:\/\/www.semanariolocal.cl\/index.php?rest_route=%2Fwp%2Fv2%2Fcategories&post=14413"},{"taxonomy":"post_tag","embeddable":true,"href":"https:\/\/www.semanariolocal.cl\/index.php?rest_route=%2Fwp%2Fv2%2Ftags&post=14413"}],"curies":[{"name":"wp","href":"https:\/\/api.w.org\/{rel}","templated":true}]}}