{"id":14403,"date":"2023-09-05T11:17:15","date_gmt":"2023-09-05T14:17:15","guid":{"rendered":"https:\/\/www.semanariolocal.cl\/?p=14403"},"modified":"2023-09-05T11:17:15","modified_gmt":"2023-09-05T14:17:15","slug":"sigue-la-batalla-para-le-entrega-de-titulos-de-dominios-para-habitantes-de-palafitos-de-castro","status":"publish","type":"post","link":"https:\/\/www.semanariolocal.cl\/?p=14403","title":{"rendered":"Sigue la \u201cbatalla\u201d para le entrega de t\u00edtulos de dominios para habitantes de palafitos de Castro"},"content":{"rendered":"\n<p>Durante la reuni\u00f3n el alcalde Vera manifest\u00f3 su satisfacci\u00f3n por la disposici\u00f3n y atenci\u00f3n de la ministra Toh\u00e1 quien recibi\u00f3 una detallada presentaci\u00f3n sobre la necesidad de otorgar t\u00edtulos de dominio a estas viviendas t\u00edpicas de Castro. La importancia de esta solicitud radica en brindar seguridad y certeza jur\u00eddica a las familias que han habitado los palafitos durante varias generaciones.<\/p>\n\n\n\n<p>El alcalde destac\u00f3 la relevancia hist\u00f3rica y cultural de los palafitos para la identidad comunal. Estas construcciones de madera sobre pilotes que datan de tiempos coloniales representan un patrimonio invaluable que merece ser protegido y reconocido.<\/p>\n\n\n\n<p>Durante la reuni\u00f3n el alcalde Vera se comprometi\u00f3 con la secretaria de Estado hacer llegar a la brevedad un catastro actualizado y elaborado por el municipio en colaboraci\u00f3n con las organizaciones vecinales del borde costero de Castro. Este catastro detallar\u00e1 la situaci\u00f3n de las familias que residen en los palafitos y su necesidad de obtener el t\u00edtulo de dominio.<\/p>\n\n\n\n<p>El alcalde Vera manifest\u00f3 su confianza en el trabajo conjunto entre el municipio, las organizaciones vecinales y el ministerio del Interior para avanzar en el reconocimiento legal de los Palafitos. Asimismo expres\u00f3 su deseo de que pronto se obtenga un pronunciamiento por parte del ejecutivo sobre este importante tema.<\/p>\n\n\n\n<p>El avance en la regularizaci\u00f3n legal de los palafitos no solo brindar\u00e1 seguridad jur\u00eddica a las familias que residen en ellos sino que tambi\u00e9n permitir\u00e1 impulsar el desarrollo social y tur\u00edstico de nuestra comuna. Estas viviendas, \u00fanicas, son un atractivo tur\u00edstico de gran valor y su reconocimiento oficial contribuir\u00e1 a potenciar la econom\u00eda local y preservar nuestras tradiciones.<\/p>\n\n\n\n<p>El alcalde Juan Eduardo Vera agradeci\u00f3 la disposici\u00f3n y la atenci\u00f3n de la ministra Toh\u00e1 as\u00ed como a todas las organizaciones vecinales y comunitarias en general por su respaldo en esta importante causa. \u201cEl municipio de Castro continuar\u00e1 trabajando arduamente para lograr el reconocimiento y t\u00edtulo de dominio de los palafitos asegurando as\u00ed un futuro m\u00e1s seguro y prometedor para nuestras familias\u201d, concluy\u00f3 la primera autoridad castre\u00f1a.<\/p>\n","protected":false},"excerpt":{"rendered":"<p>El alcalde de la comuna de Castro Juan Eduardo Vera se reuni\u00f3 de manera virtual con la ministra del Interior Carolina Toh\u00e1 para abordar importantes temas relacionados con el reconocimiento mediante t\u00edtulos de dominios de los tradicionales Palafitos que albergan a m\u00e1s de 200 familias la comuna de Castro.<\/p>\n","protected":false},"author":1,"featured_media":14404,"comment_status":"closed","ping_status":"closed","sticky":false,"template":"","format":"standard","meta":{"footnotes":""},"categories":[3],"tags":[2156,2155,2117,2118,106,246,337,273,132,247,133],"class_list":["post-14403","post","type-post","status-publish","format-standard","has-post-thumbnail","hentry","category-al-dia","tag-informacion-3","tag-noticias-2","tag-osorno-2","tag-semanariolocal","tag-castro","tag-comunas","tag-informacion","tag-noticias","tag-osorno","tag-region-de-los-lagos","tag-semanario-local"],"_links":{"self":[{"href":"https:\/\/www.semanariolocal.cl\/index.php?rest_route=\/wp\/v2\/posts\/14403","targetHints":{"allow":["GET"]}}],"collection":[{"href":"https:\/\/www.semanariolocal.cl\/index.php?rest_route=\/wp\/v2\/posts"}],"about":[{"href":"https:\/\/www.semanariolocal.cl\/index.php?rest_route=\/wp\/v2\/types\/post"}],"author":[{"embeddable":true,"href":"https:\/\/www.semanariolocal.cl\/index.php?rest_route=\/wp\/v2\/users\/1"}],"replies":[{"embeddable":true,"href":"https:\/\/www.semanariolocal.cl\/index.php?rest_route=%2Fwp%2Fv2%2Fcomments&post=14403"}],"version-history":[{"count":1,"href":"https:\/\/www.semanariolocal.cl\/index.php?rest_route=\/wp\/v2\/posts\/14403\/revisions"}],"predecessor-version":[{"id":14405,"href":"https:\/\/www.semanariolocal.cl\/index.php?rest_route=\/wp\/v2\/posts\/14403\/revisions\/14405"}],"wp:featuredmedia":[{"embeddable":true,"href":"https:\/\/www.semanariolocal.cl\/index.php?rest_route=\/wp\/v2\/media\/14404"}],"wp:attachment":[{"href":"https:\/\/www.semanariolocal.cl\/index.php?rest_route=%2Fwp%2Fv2%2Fmedia&parent=14403"}],"wp:term":[{"taxonomy":"category","embeddable":true,"href":"https:\/\/www.semanariolocal.cl\/index.php?rest_route=%2Fwp%2Fv2%2Fcategories&post=14403"},{"taxonomy":"post_tag","embeddable":true,"href":"https:\/\/www.semanariolocal.cl\/index.php?rest_route=%2Fwp%2Fv2%2Ftags&post=14403"}],"curies":[{"name":"wp","href":"https:\/\/api.w.org\/{rel}","templated":true}]}}