{"id":14400,"date":"2023-09-05T10:51:34","date_gmt":"2023-09-05T13:51:34","guid":{"rendered":"https:\/\/www.semanariolocal.cl\/?p=14400"},"modified":"2023-09-05T10:51:35","modified_gmt":"2023-09-05T13:51:35","slug":"diputados-udi-acusan-interes-en-llamado-de-quintana-ppd-a-fortalecer-la-democracia","status":"publish","type":"post","link":"https:\/\/www.semanariolocal.cl\/?p=14400","title":{"rendered":"Diputados UDI acusan \u201cinter\u00e9s\u201d en llamado de Quintana (PPD) a \u201cfortalecer la democracia\u201d"},"content":{"rendered":"\n<p>Los diputados de la Bancada UDI, Felipe Donoso y Flor Weisse, acusaron un \u201cinter\u00e9s\u201d en el llamado a \u201cfortalecer la democracia\u201d que hizo este lunes el senador y nuevo presidente del Partido por la Democracia (PPD), Jaime Quintana, acus\u00e1ndolo que durante la anterior administraci\u00f3n de gobierno \u201cfue el primero en querer torcerle la mano a la democracia\u201d, tras haber manifestado -en su calidad de presidente de la C\u00e1mara Alta- que \u201csi Pi\u00f1era quiere seguir gobernando, debe pasar a una segunda l\u00ednea y aceptar un parlamentarismo de facto\u201d, en relaci\u00f3n con la crisis institucional y pol\u00edtica que viv\u00eda el pa\u00eds producto de las violentas movilizaciones que se hab\u00edan iniciado en octubre de 2019.<\/p>\n\n\n\n<p>Al respecto, y junto con apuntar a una \u201cconveniencia\u201d en las declaraciones del senador PPD, los parlamentarios gremialistas reiteraron que su intenci\u00f3n de instalar un parlamentarismo de facto en el gobierno anterior \u201cno fue m\u00e1s que un intento de golpe blanco\u201d, por lo que se\u00f1alaron que \u201choy en d\u00eda, cuesta creer en su llamado a fortalecer la democracia, porque fue el primero en querer torcerle la mano a la soberan\u00eda popular, aprovech\u00e1ndose de la crisis institucional que viv\u00eda nuestro pa\u00eds\u201d.<\/p>\n\n\n\n<p>\u201cCuando un senador de oposici\u00f3n, que adem\u00e1s ocupaba el cargo de presidente de la C\u00e1mara Alta, propone instalar un parlamentarismo de facto en nuestro pa\u00eds, que no es m\u00e1s que un intento de golpe blanco, pero con otras palabras, deja de tener cualquier tipo de autoridad para hablar de democracia. Desde ese momento, el senador Quintana debiese asumir que no tiene las credenciales para realizar ning\u00fan llamado en nuestro pa\u00eds, porque lamentablemente no estuvo a la altura cuando se requer\u00edan soluciones democr\u00e1ticas a la crisis que viv\u00edamos\u201d, cuestionaron Donoso y Weisse.<\/p>\n\n\n\n<p>Por lo mismo, los diputados de la Bancada UDI advirtieron que \u201cantes de erigirse como un defensor de la democracia y llamarnos a firmar una declaraci\u00f3n en ese \u00e1mbito, el senador Quintana debiese recapacitar por las declaraciones que entreg\u00f3 y ofrecer disculpas p\u00fablicas a todos los chilenos, por haberse aprovechado de la convulsi\u00f3n que viv\u00edamos para que el gobierno cayera antes de tiempo\u201d.<\/p>\n\n\n\n<p>En esa l\u00ednea, Donoso y Weisse reiteraron que las recientes palabras del nuevo presidente del PPD son \u201cabsolutamente incoherentes y contradictorias\u201d, adem\u00e1s de \u201cpoco cre\u00edbles\u201d, insistiendo en que \u201ccomo bancada no le reconocemos ninguna autoridad al senador Quintana para venir a pautearnos\u201d.<\/p>\n\n\n\n<p>\u201cSi realmente quiere sentarse a hablar de democracia y de un fortalecimiento institucional, lo primero que debiese hacer es reconocer el enorme error y da\u00f1o que hizo en 2020 con sus nefastas declaraciones. Quintana era el presidente del Senado, que se supone es la autoridad pol\u00edtica m\u00e1s importante en el pa\u00eds despu\u00e9s del Presidente de la Rep\u00fablica, y pese a ello quiso promover una suerte de golpe blanco, de cual a la fecha jam\u00e1s se ha arrepentido. As\u00ed que, en vez de pretender pautearnos en temas democr\u00e1ticos, lo mejor que podr\u00eda hacer el nuevo presidente del PPD, si de verdad quiere parecer cre\u00edble, es reconocer su error y ofrecer disculpas p\u00fablicas por sus declaraciones alejadas de todo sentido democr\u00e1tico\u201d, manifestaron los parlamentarios de la UDI.<\/p>\n","protected":false},"excerpt":{"rendered":"<p>Felipe Donoso y Flor Weisse cuestionaron las declaraciones del senador, asegurando que \u201cperdi\u00f3 toda autoridad y credibilidad desde que trat\u00f3 de realizar un golpe blanco en el pa\u00eds\u201d.<\/p>\n","protected":false},"author":1,"featured_media":14401,"comment_status":"closed","ping_status":"closed","sticky":false,"template":"","format":"standard","meta":{"footnotes":""},"categories":[6],"tags":[337,273,132,1260,247,133,52],"class_list":["post-14400","post","type-post","status-publish","format-standard","has-post-thumbnail","hentry","category-politica","tag-informacion","tag-noticias","tag-osorno","tag-ppd","tag-region-de-los-lagos","tag-semanario-local","tag-udi"],"_links":{"self":[{"href":"https:\/\/www.semanariolocal.cl\/index.php?rest_route=\/wp\/v2\/posts\/14400","targetHints":{"allow":["GET"]}}],"collection":[{"href":"https:\/\/www.semanariolocal.cl\/index.php?rest_route=\/wp\/v2\/posts"}],"about":[{"href":"https:\/\/www.semanariolocal.cl\/index.php?rest_route=\/wp\/v2\/types\/post"}],"author":[{"embeddable":true,"href":"https:\/\/www.semanariolocal.cl\/index.php?rest_route=\/wp\/v2\/users\/1"}],"replies":[{"embeddable":true,"href":"https:\/\/www.semanariolocal.cl\/index.php?rest_route=%2Fwp%2Fv2%2Fcomments&post=14400"}],"version-history":[{"count":1,"href":"https:\/\/www.semanariolocal.cl\/index.php?rest_route=\/wp\/v2\/posts\/14400\/revisions"}],"predecessor-version":[{"id":14402,"href":"https:\/\/www.semanariolocal.cl\/index.php?rest_route=\/wp\/v2\/posts\/14400\/revisions\/14402"}],"wp:featuredmedia":[{"embeddable":true,"href":"https:\/\/www.semanariolocal.cl\/index.php?rest_route=\/wp\/v2\/media\/14401"}],"wp:attachment":[{"href":"https:\/\/www.semanariolocal.cl\/index.php?rest_route=%2Fwp%2Fv2%2Fmedia&parent=14400"}],"wp:term":[{"taxonomy":"category","embeddable":true,"href":"https:\/\/www.semanariolocal.cl\/index.php?rest_route=%2Fwp%2Fv2%2Fcategories&post=14400"},{"taxonomy":"post_tag","embeddable":true,"href":"https:\/\/www.semanariolocal.cl\/index.php?rest_route=%2Fwp%2Fv2%2Ftags&post=14400"}],"curies":[{"name":"wp","href":"https:\/\/api.w.org\/{rel}","templated":true}]}}