{"id":14396,"date":"2023-09-04T23:07:14","date_gmt":"2023-09-05T02:07:14","guid":{"rendered":"https:\/\/www.semanariolocal.cl\/?p=14396"},"modified":"2023-09-04T23:07:15","modified_gmt":"2023-09-05T02:07:15","slug":"llanquihue-se-alza-como-nuevo-polo-urbano-con-innovador-proyecto-inmobiliario","status":"publish","type":"post","link":"https:\/\/www.semanariolocal.cl\/?p=14396","title":{"rendered":"Llanquihue se alza como nuevo polo urbano con innovador proyecto inmobiliario"},"content":{"rendered":"\n<p>Inmobiliaria Altas Cumbres, con m\u00e1s de 28 a\u00f1os de experiencia en el desarrollo residencial en la zona sur de Chile, se prepara para iniciar las obras de Condominio Vista Llanquihue, el que se ubicar\u00e1 en un exclusivo sector urbano al sur de la ciudad del mismo nombre y a solo 15 minutos de Puerto Varas.<\/p>\n\n\n\n<p>\u201cVemos con buenos ojos la descentralizaci\u00f3n que ha sido favorecido, en gran parte, por la migraci\u00f3n de muchas personas al sur del pa\u00eds desde la pandemia. Paralelamente, la ciudad de Llanquihue est\u00e1 experimentado un interesante proceso de crecimiento urbano, impulsado por la expansi\u00f3n de Puerto Varas, los planes de mejoramiento de su infraestructura, especialmente en materia de conectividad, y por su atractivo en t\u00e9rminos de tranquilidad, conexi\u00f3n con la naturaleza, y calidad de vida en torno al lago y el volc\u00e1n Osorno\u201d, sostiene Enrique Loeser Prieto, gerente Comercial de Inmobiliaria Altas Cumbres.<\/p>\n\n\n\n<p>El proyecto comprende tres edificios en un emplazamiento estrat\u00e9gico en primera l\u00ednea al lago, pero con una vista desde la parte alta de la costa. El condominio contempla una amplia \u00e1rea verde con miradores hacia el lago y un paisajismo sustentable con especies nativas de la zona.<\/p>\n\n\n\n<p>Con una inversi\u00f3n de USD 55 millones, Inmobiliaria Altas Cumbres apunta a realizar las obras de Vista Llanquihue de manera equilibrada, desarrollando el proyecto en tres etapas y aplicando innovaciones constructivas orientadas a tener el m\u00ednimo impacto en el entorno.<\/p>\n\n\n\n<p>Su dise\u00f1o arquitect\u00f3nico incorporar\u00e1 materialidades y colores propios de la zona sur, respetando la identidad de la ciudad. Adem\u00e1s, contar\u00e1 con est\u00e1ndares de eficiencia energ\u00e9tica, como aislaci\u00f3n t\u00e9rmica avanzada y sistemas de calefacci\u00f3n que apuntan al uso responsable de la energ\u00eda, adem\u00e1s de ventilaci\u00f3n convectiva que garantiza, a trav\u00e9s de estrategias pasivas, la circulaci\u00f3n de aire para la ventilaci\u00f3n adecuada en los espacios interiores.<\/p>\n\n\n\n<p>\u201cEste proyecto va en l\u00ednea con nuestro ADN, que est\u00e1 \u00edntimamente ligado al sur de Chile y su desarrollo. Vemos que Llanquihue es un polo con un tremendo potencial, tanto para clientes finales e inversionistas, sobre todo en la primera etapa del proyecto y en una comuna emergente\u201d, se\u00f1ala el gerente Comercial de Inmobiliaria Altas Cumbres.<\/p>\n\n\n\n<p>Vista Llanquihue contar\u00e1 con departamentos de 1, 2 y 3 dormitorios desde UF 3.025. El condominio ofrecer\u00e1 acceso controlado, adem\u00e1s de quincho, sala de ni\u00f1os y gimnasio en sus \u00e1reas comunes. La entrega de la primera etapa se proyecta aproximadamente para 2026.<\/p>\n","protected":false},"excerpt":{"rendered":"<p>Con una vasta trayectoria en la Regi\u00f3n de Los Lagos, Inmobiliaria Altas Cumbres anuncia la inversi\u00f3n de USD 55 millones en un condominio de departamentos que se enmarca en el proceso de densificaci\u00f3n equilibrada y sustentable que busca la comuna.<\/p>\n","protected":false},"author":1,"featured_media":14397,"comment_status":"closed","ping_status":"closed","sticky":false,"template":"","format":"standard","meta":{"footnotes":""},"categories":[3],"tags":[77,273,132,113,247,133],"class_list":["post-14396","post","type-post","status-publish","format-standard","has-post-thumbnail","hentry","category-al-dia","tag-educacion","tag-noticias","tag-osorno","tag-puerto-montt","tag-region-de-los-lagos","tag-semanario-local"],"_links":{"self":[{"href":"https:\/\/www.semanariolocal.cl\/index.php?rest_route=\/wp\/v2\/posts\/14396","targetHints":{"allow":["GET"]}}],"collection":[{"href":"https:\/\/www.semanariolocal.cl\/index.php?rest_route=\/wp\/v2\/posts"}],"about":[{"href":"https:\/\/www.semanariolocal.cl\/index.php?rest_route=\/wp\/v2\/types\/post"}],"author":[{"embeddable":true,"href":"https:\/\/www.semanariolocal.cl\/index.php?rest_route=\/wp\/v2\/users\/1"}],"replies":[{"embeddable":true,"href":"https:\/\/www.semanariolocal.cl\/index.php?rest_route=%2Fwp%2Fv2%2Fcomments&post=14396"}],"version-history":[{"count":1,"href":"https:\/\/www.semanariolocal.cl\/index.php?rest_route=\/wp\/v2\/posts\/14396\/revisions"}],"predecessor-version":[{"id":14398,"href":"https:\/\/www.semanariolocal.cl\/index.php?rest_route=\/wp\/v2\/posts\/14396\/revisions\/14398"}],"wp:featuredmedia":[{"embeddable":true,"href":"https:\/\/www.semanariolocal.cl\/index.php?rest_route=\/wp\/v2\/media\/14397"}],"wp:attachment":[{"href":"https:\/\/www.semanariolocal.cl\/index.php?rest_route=%2Fwp%2Fv2%2Fmedia&parent=14396"}],"wp:term":[{"taxonomy":"category","embeddable":true,"href":"https:\/\/www.semanariolocal.cl\/index.php?rest_route=%2Fwp%2Fv2%2Fcategories&post=14396"},{"taxonomy":"post_tag","embeddable":true,"href":"https:\/\/www.semanariolocal.cl\/index.php?rest_route=%2Fwp%2Fv2%2Ftags&post=14396"}],"curies":[{"name":"wp","href":"https:\/\/api.w.org\/{rel}","templated":true}]}}