{"id":14382,"date":"2023-09-03T10:15:42","date_gmt":"2023-09-03T13:15:42","guid":{"rendered":"https:\/\/www.semanariolocal.cl\/?p=14382"},"modified":"2023-09-04T10:18:52","modified_gmt":"2023-09-04T13:18:52","slug":"junji-visualiza-nuevos-proyectos-para-la-region-de-los-lagos","status":"publish","type":"post","link":"https:\/\/www.semanariolocal.cl\/?p=14382","title":{"rendered":"Junji visualiza nuevos proyectos para la regi\u00f3n de los Lagos"},"content":{"rendered":"\n<p>El representante de la Direcci\u00f3n Nacional&nbsp;de JUNJI&nbsp;destac\u00f3 la importancia de visitar a los equipos t\u00e9cnicos regionales para afinar procesos de planificaci\u00f3n, informar los ejes estrat\u00e9gicos de la gesti\u00f3n de la Vicepresidenta, Daniela Trivi\u00f1o y ver los lineamientos de la actual administraci\u00f3n.<\/p>\n\n\n\n<p>\u201cDebemos culminar con urgencia los proyectos de infraestructura paralizados, avanzar en el plan nacional de aumento de coberturas, reforzar las mantenciones de los jardines infantiles que est\u00e1n actualmente en funcionamiento y fortalecer otros procesos de ejecuci\u00f3n presupuestaria\u201d, precis\u00f3 Gonz\u00e1lez.<\/p>\n\n\n\n<p>En tanto, el director regional de JUNJI, Francisco Oshiro Riveros, destac\u00f3 la visita del personero a la zona que \u201ces clave el aporte del nivel central en apoyar a la regi\u00f3n en los proyectos de jardines infantiles que estamos llevando a cabo y otros que vamos a desarrollar en lo que queda de este a\u00f1o y del pr\u00f3ximo como JUNJI en la Regi\u00f3n de Los Lagos\u201d.<\/p>\n\n\n\n<p><strong>Visita a Terreno<\/strong><strong><\/strong><\/p>\n\n\n\n<p>Las autoridades JUNJI realizaron, tambi\u00e9n, un recorrido por el jard\u00edn infantil \u201cDejando Huellas\u201d del sector Costa Tenglo Alto de Puerto Montt, cuya visita cont\u00f3 con la importante presencia de la Delegada Presidencial Regional, Giovanna Moreira.<\/p>\n\n\n\n<p>En la oportunidad, pudieron constatar en terreno el trabajo realizado por JUNJI Los Lagos con los ni\u00f1os y ni\u00f1as, la calidad en la infraestructura con que cuentan los espacios educativos regionales y las diversas necesidades requirentes de los procesos pedag\u00f3gicos.<\/p>\n\n\n\n<p>Asimismo, de concordar en la necesidad de que el Gobierno llegue a todos los lugares, en especial a los sectores m\u00e1s apartados, y trabajar con todas las entidades p\u00fablicas de forma colaborativa para reforzar la educaci\u00f3n inicial y su reactivaci\u00f3n.<\/p>\n","protected":false},"excerpt":{"rendered":"<p>Con el fin de conocer las obras infraestructura y de construcci\u00f3n de jardines infantiles, el director de Cobertura y Habilitaci\u00f3n de Espacios Educativos de JUNJI, Jos\u00e9 Gonz\u00e1lez, sostuvo importantes reuniones de trabajo con la Delegada Presidencial, Giovanna Moreira y el director regional de la instituci\u00f3n Francisco Oshiro.<\/p>\n","protected":false},"author":1,"featured_media":14383,"comment_status":"closed","ping_status":"closed","sticky":false,"template":"","format":"standard","meta":{"footnotes":""},"categories":[3],"tags":[337,35,273,132,113,247,133],"class_list":["post-14382","post","type-post","status-publish","format-standard","has-post-thumbnail","hentry","category-al-dia","tag-informacion","tag-junji","tag-noticias","tag-osorno","tag-puerto-montt","tag-region-de-los-lagos","tag-semanario-local"],"_links":{"self":[{"href":"https:\/\/www.semanariolocal.cl\/index.php?rest_route=\/wp\/v2\/posts\/14382","targetHints":{"allow":["GET"]}}],"collection":[{"href":"https:\/\/www.semanariolocal.cl\/index.php?rest_route=\/wp\/v2\/posts"}],"about":[{"href":"https:\/\/www.semanariolocal.cl\/index.php?rest_route=\/wp\/v2\/types\/post"}],"author":[{"embeddable":true,"href":"https:\/\/www.semanariolocal.cl\/index.php?rest_route=\/wp\/v2\/users\/1"}],"replies":[{"embeddable":true,"href":"https:\/\/www.semanariolocal.cl\/index.php?rest_route=%2Fwp%2Fv2%2Fcomments&post=14382"}],"version-history":[{"count":1,"href":"https:\/\/www.semanariolocal.cl\/index.php?rest_route=\/wp\/v2\/posts\/14382\/revisions"}],"predecessor-version":[{"id":14384,"href":"https:\/\/www.semanariolocal.cl\/index.php?rest_route=\/wp\/v2\/posts\/14382\/revisions\/14384"}],"wp:featuredmedia":[{"embeddable":true,"href":"https:\/\/www.semanariolocal.cl\/index.php?rest_route=\/wp\/v2\/media\/14383"}],"wp:attachment":[{"href":"https:\/\/www.semanariolocal.cl\/index.php?rest_route=%2Fwp%2Fv2%2Fmedia&parent=14382"}],"wp:term":[{"taxonomy":"category","embeddable":true,"href":"https:\/\/www.semanariolocal.cl\/index.php?rest_route=%2Fwp%2Fv2%2Fcategories&post=14382"},{"taxonomy":"post_tag","embeddable":true,"href":"https:\/\/www.semanariolocal.cl\/index.php?rest_route=%2Fwp%2Fv2%2Ftags&post=14382"}],"curies":[{"name":"wp","href":"https:\/\/api.w.org\/{rel}","templated":true}]}}