{"id":14378,"date":"2023-09-04T09:10:00","date_gmt":"2023-09-04T12:10:00","guid":{"rendered":"https:\/\/www.semanariolocal.cl\/?p=14378"},"modified":"2023-09-04T10:12:36","modified_gmt":"2023-09-04T13:12:36","slug":"realizan-concierto-homenaje-a-gaston-soublette-en-ancud","status":"publish","type":"post","link":"https:\/\/www.semanariolocal.cl\/?p=14378","title":{"rendered":"Realizan Concierto Homenaje a Gast\u00f3n Soublette en Ancud"},"content":{"rendered":"\n<p>En el marco del proyecto \u201cExtensi\u00f3n del XV Festival Musical Chilo\u00e9\u201d financiado, por el Gobierno Regional de los Lagos, Cultura Inter\u00e9s Regional 2023 , su directora Paola Moraga se\u00f1ala que \u201ddentro de la programaci\u00f3n establecida hace algunos meses, se hab\u00eda tomado la decisi\u00f3n de realizar un concierto Homenaje a Gast\u00f3n&nbsp; Soublette,&nbsp; dada la amistad del director art\u00edstico del festival, el flautista Alejandro Lavanderos, con Gast\u00f3n, quienes se conocieron cuando trabajan en la Pontificia Universidad Cat\u00f3lica de Santiago realizando juntos varios conciertos de improvisaci\u00f3n. A partir de entonces, ellos han mantenido este v\u00ednculo de amistad y trabajo en otros proyectos como, por ejemplo, la edici\u00f3n de las partituras de su obra Chile en cuatro vientos y la grabaci\u00f3n en formato CD de esta. Sin lugar a duda, una obra fundamental en la que la m\u00fasica popular chilena, recopilada por Violeta Parra, entre otros, y de quien Gast\u00f3n fue amigo, es proyectada al espacio de la m\u00fasica de concierto. Justamente en este homenaje se interpretar\u00e1n la Suite Chile en Cuatro vientos y la Suite de Tangos de Carlos Gardel, esta \u00faltima nacida como una ofrenda por la paz en los momentos en que se ve\u00eda como inminente una guerra con nuestra hermana rep\u00fablica Argentina. Nos alegra y creemos del todo justo que Gast\u00f3n haya recibido el Premio Nacional de Humanidades y Ciencias Sociales 2023, pues su vida la ha dedicado al estudio e investigaci\u00f3n de la cultura y tradiciones populares de nuestro pa\u00eds\u201d.<\/p>\n\n\n\n<p>El concierto, con entrada liberada, se realizar\u00e1 el martes 10 de octubre a las 19:00 hrs. en el Teatro Municipal de Ancud y ser\u00e1 interpretado por el Ensamble La Fol\u00eda, dirigido por Alejandro Lavanderos en flauta, Rodrigo C\u00e1rcamo en viol\u00edn, Marcel Reinberg en viola y Hanna L\u00f6wen en violonchelo.<\/p>\n\n\n\n<p><strong>TRAVES\u00cdAS MUSICALES<\/strong><\/p>\n\n\n<div class=\"wp-block-image\">\n<figure class=\"alignleft size-full is-resized\"><img loading=\"lazy\" decoding=\"async\" src=\"https:\/\/www.semanariolocal.cl\/wp-content\/uploads\/2023\/09\/soublette2.jpg\" alt=\"\" class=\"wp-image-14380\" style=\"width:527px;height:317px\" width=\"527\" height=\"317\" srcset=\"https:\/\/www.semanariolocal.cl\/wp-content\/uploads\/2023\/09\/soublette2.jpg 1000w, https:\/\/www.semanariolocal.cl\/wp-content\/uploads\/2023\/09\/soublette2-300x180.jpg 300w, https:\/\/www.semanariolocal.cl\/wp-content\/uploads\/2023\/09\/soublette2-768x461.jpg 768w\" sizes=\"auto, (max-width: 527px) 100vw, 527px\" \/><\/figure>\n<\/div>\n\n\n<p>La semana pasada comenzaron las Traves\u00edas Musicales Insulares que tambi\u00e9n forman parte de este\u00a0 proyecto, con dos Conciertos de Mediaci\u00f3n\u00a0 a cargo del Ensamble la Fol\u00eda en el colegio\u00a0 Albores y la escuela Yerbas Buenas de la comuna de Ancud, para\u00a0 luego continuar hacia la comuna de Quemchi donde visitaron la escuela rural de Lliuco y\u00a0 la escuela Mil Paisajes de la misma comuna. Seg\u00fan lo manifestado por Paola Moraga\u201d hemos tenido una gran recepci\u00f3n por parte de los alumnos, los cuales tienen muy pocas ocasiones de poder disfrutar de un concierto de m\u00fasica cl\u00e1sica,\u00a0 con int\u00e9rpretes profesionales y que adem\u00e1s se pueda dar un di\u00e1logo con ellos. Nos llam\u00f3 mucho la atenci\u00f3n -positivamente- la gran participaci\u00f3n de los ni\u00f1os, que realizaron muchas preguntas a los m\u00fasicos sobre los instrumentos y la m\u00fasica que se estaba ejecutando. La pr\u00f3xima semana contin\u00faan las actividades en la comuna de Quemchi.<\/p>\n\n\n\n<p>Para mayores detalles de los conciertos se puede visitar la&nbsp; p\u00e1gina web<a href=\"http:\/\/www.festivalmusicalchiloe.cl\/\"> <\/a><a href=\"http:\/\/www.festivalmusicalchiloe.cl\">www.festivalmusicalchiloe.cl<\/a>&nbsp;&nbsp;&nbsp;<\/p>\n","protected":false},"excerpt":{"rendered":"<p>El concierto, con entrada liberada, se realizar\u00e1 el martes 10 de octubre a las 19:00 hrs. en el Teatro Municipal de Ancud y ser\u00e1 interpretado por el Ensamble La Fol\u00eda, dirigido por Alejandro Lavanderos en flauta, Rodrigo C\u00e1rcamo en viol\u00edn, Marcel Reinberg en viola y Hanna L\u00f6wen en violonchelo.<\/p>\n","protected":false},"author":1,"featured_media":14379,"comment_status":"closed","ping_status":"closed","sticky":false,"template":"","format":"standard","meta":{"footnotes":""},"categories":[3,8,10],"tags":[2118,1671,2151,337,273,132,247,133],"class_list":["post-14378","post","type-post","status-publish","format-standard","has-post-thumbnail","hentry","category-al-dia","category-comunas","category-cultura","tag-semanariolocal","tag-ancud","tag-gaston-soublette","tag-informacion","tag-noticias","tag-osorno","tag-region-de-los-lagos","tag-semanario-local"],"_links":{"self":[{"href":"https:\/\/www.semanariolocal.cl\/index.php?rest_route=\/wp\/v2\/posts\/14378","targetHints":{"allow":["GET"]}}],"collection":[{"href":"https:\/\/www.semanariolocal.cl\/index.php?rest_route=\/wp\/v2\/posts"}],"about":[{"href":"https:\/\/www.semanariolocal.cl\/index.php?rest_route=\/wp\/v2\/types\/post"}],"author":[{"embeddable":true,"href":"https:\/\/www.semanariolocal.cl\/index.php?rest_route=\/wp\/v2\/users\/1"}],"replies":[{"embeddable":true,"href":"https:\/\/www.semanariolocal.cl\/index.php?rest_route=%2Fwp%2Fv2%2Fcomments&post=14378"}],"version-history":[{"count":1,"href":"https:\/\/www.semanariolocal.cl\/index.php?rest_route=\/wp\/v2\/posts\/14378\/revisions"}],"predecessor-version":[{"id":14381,"href":"https:\/\/www.semanariolocal.cl\/index.php?rest_route=\/wp\/v2\/posts\/14378\/revisions\/14381"}],"wp:featuredmedia":[{"embeddable":true,"href":"https:\/\/www.semanariolocal.cl\/index.php?rest_route=\/wp\/v2\/media\/14379"}],"wp:attachment":[{"href":"https:\/\/www.semanariolocal.cl\/index.php?rest_route=%2Fwp%2Fv2%2Fmedia&parent=14378"}],"wp:term":[{"taxonomy":"category","embeddable":true,"href":"https:\/\/www.semanariolocal.cl\/index.php?rest_route=%2Fwp%2Fv2%2Fcategories&post=14378"},{"taxonomy":"post_tag","embeddable":true,"href":"https:\/\/www.semanariolocal.cl\/index.php?rest_route=%2Fwp%2Fv2%2Ftags&post=14378"}],"curies":[{"name":"wp","href":"https:\/\/api.w.org\/{rel}","templated":true}]}}