{"id":14336,"date":"2023-08-31T00:04:38","date_gmt":"2023-08-31T04:04:38","guid":{"rendered":"https:\/\/www.semanariolocal.cl\/?p=14336"},"modified":"2023-08-31T00:04:39","modified_gmt":"2023-08-31T04:04:39","slug":"desechado-recurso-de-proteccion-pescadores-artesanales-podran-retomar-la-extraccion-de-erizos","status":"publish","type":"post","link":"https:\/\/www.semanariolocal.cl\/?p=14336","title":{"rendered":"Desechado recurso de protecci\u00f3n: Pescadores Artesanales podr\u00e1n retomar la extracci\u00f3n de Erizos"},"content":{"rendered":"\n<p>Como una <em>\u201ctremenda noticia para nuestra gente\u201d<\/em>, calific\u00f3 el senador (PS) Fidel Espinoza la resoluci\u00f3n de la Corte de Apelaciones de Ays\u00e9n, que deja sin efecto el recurso de protecci\u00f3n y orden de no innovar, que imped\u00eda a pescadores artesanales de la regi\u00f3n de Los Lagos, en especial de Chilo\u00e9, realizar labores extractivas de erizos en \u00e1reas mar\u00edtimas de la und\u00e9cima regi\u00f3n, denominadas \u201czonas contiguas\u201d.<\/p>\n\n\n\n<p><em>\u201cLlega en un momento tremendamente especial, adem\u00e1s, porque est\u00e1bamos sufriendo las consecuencias de la eventualidad de m\u00e1s despidos, que hubieran significado, obviamente, condiciones tremendamente dif\u00edciles para nuestra gente. Por eso me encuentro muy contento\u201d<\/em> manifest\u00f3 el parlamentario.<\/p>\n\n\n\n<p>Espinoza destac\u00f3 el trabajo colaborativo que permiti\u00f3 revertir la resoluci\u00f3n de la justicia, que ha perjudicado la labor de cientos de trabajadores del mar y sus familias. Recordemos que el pasado 20 de julio, el parlamentario realiz\u00f3 ante sus pares en la C\u00e1mara Alta, un en\u00e9rgico llamado a la Corte Suprema a actuar con agilidad para solucionar el conflicto, porque \u201cChilo\u00e9 ya no resiste m\u00e1s\u201d, dijo en esa oportunidad.<\/p>\n\n\n\n<p><em>\u201cAqu\u00ed trabajamos todos en busca de las soluciones. Desde la Comisi\u00f3n de Pesca del Senado, tambi\u00e9n dimos un aporte muy importante a nuestra gente de Chilo\u00e9, pero tambi\u00e9n a la gente de Melinca, que ellos quer\u00edan que esto siguiera ocurriendo\u201d<\/em> manifest\u00f3 el senador y agreg\u00f3, <em>\u201cnuestro desaf\u00edo para el futuro es generar condiciones legislativas que permitan tener una ley permanente para no tener que andar, a\u00f1o a a\u00f1o, teniendo que negociar la posibilidad de que nuestra gente vaya a trabajar a esa zona\u201d.<\/em><\/p>\n\n\n\n<p>Respecto de una supuesta sobreutilizaci\u00f3n de los recursos, el senador Espinoza se\u00f1al\u00f3 que a diferencia de otros productos de mar, <em>\u201cla alga, la almeja y, en definitiva, el erizo como principal producto, generan actividades extractivas en donde no ha habido una sobreexplotaci\u00f3n como s\u00ed ha ocurrido con otras especies en la zona. Por lo tanto, no hab\u00eda fundamento alguno para impedir que nuestra gente vaya a trabajar a ese lugar\u201d.<\/em><\/p>\n\n\n\n<p>Finalmente el parlamentario por la regi\u00f3n de Los Lagos, valor\u00f3 que la justicia haya acogido de manera favorable la solicitud realizada por la Subsecretar\u00eda de Pesca y Acuicultura, porque evita una crisis mayor. <em>\u201cAgradecidos de que esto haya llegado en un momento oportuno porque ya se iban a generar condiciones de conflictividad social y laboral muy graves en la isla de Chilo\u00e9, primordialmente. Aqu\u00ed no hablamos solamente de los buzos, hablamos de toda la cadena productiva que genera, obviamente, las actividades extractivas que se desarrollan en esta regi\u00f3n de Ays\u00e9n\u201d<\/em>, dijo.<\/p>\n","protected":false},"excerpt":{"rendered":"<p>No obstante la buena noticia, el parlamentario se\u00f1al\u00f3 que el desaf\u00edo ahora \u201ces generar condiciones legislativas que permitan tener una ley permanente, para no tener que andar, a\u00f1o a a\u00f1o, teniendo que negociar la posibilidad de que nuestra gente vaya a trabajar a esa zona\u201d<\/p>\n","protected":false},"author":1,"featured_media":14337,"comment_status":"closed","ping_status":"closed","sticky":false,"template":"","format":"standard","meta":{"footnotes":""},"categories":[3,6],"tags":[273,1282,192,113,247,133,702],"class_list":["post-14336","post","type-post","status-publish","format-standard","has-post-thumbnail","hentry","category-al-dia","category-politica","tag-noticias","tag-pesca-artesanal","tag-politica","tag-puerto-montt","tag-region-de-los-lagos","tag-semanario-local","tag-senador-fidel-espinoza"],"_links":{"self":[{"href":"https:\/\/www.semanariolocal.cl\/index.php?rest_route=\/wp\/v2\/posts\/14336","targetHints":{"allow":["GET"]}}],"collection":[{"href":"https:\/\/www.semanariolocal.cl\/index.php?rest_route=\/wp\/v2\/posts"}],"about":[{"href":"https:\/\/www.semanariolocal.cl\/index.php?rest_route=\/wp\/v2\/types\/post"}],"author":[{"embeddable":true,"href":"https:\/\/www.semanariolocal.cl\/index.php?rest_route=\/wp\/v2\/users\/1"}],"replies":[{"embeddable":true,"href":"https:\/\/www.semanariolocal.cl\/index.php?rest_route=%2Fwp%2Fv2%2Fcomments&post=14336"}],"version-history":[{"count":1,"href":"https:\/\/www.semanariolocal.cl\/index.php?rest_route=\/wp\/v2\/posts\/14336\/revisions"}],"predecessor-version":[{"id":14338,"href":"https:\/\/www.semanariolocal.cl\/index.php?rest_route=\/wp\/v2\/posts\/14336\/revisions\/14338"}],"wp:featuredmedia":[{"embeddable":true,"href":"https:\/\/www.semanariolocal.cl\/index.php?rest_route=\/wp\/v2\/media\/14337"}],"wp:attachment":[{"href":"https:\/\/www.semanariolocal.cl\/index.php?rest_route=%2Fwp%2Fv2%2Fmedia&parent=14336"}],"wp:term":[{"taxonomy":"category","embeddable":true,"href":"https:\/\/www.semanariolocal.cl\/index.php?rest_route=%2Fwp%2Fv2%2Fcategories&post=14336"},{"taxonomy":"post_tag","embeddable":true,"href":"https:\/\/www.semanariolocal.cl\/index.php?rest_route=%2Fwp%2Fv2%2Ftags&post=14336"}],"curies":[{"name":"wp","href":"https:\/\/api.w.org\/{rel}","templated":true}]}}