{"id":14326,"date":"2023-08-29T23:49:43","date_gmt":"2023-08-30T03:49:43","guid":{"rendered":"https:\/\/www.semanariolocal.cl\/?p=14326"},"modified":"2023-08-29T23:49:44","modified_gmt":"2023-08-30T03:49:44","slug":"quiero-mi-barrio-inicia-construccion-de-su-primera-obra-urbana-en-rio-negro","status":"publish","type":"post","link":"https:\/\/www.semanariolocal.cl\/?p=14326","title":{"rendered":"\u201cQuiero mi Barrio\u201d inicia construcci\u00f3n de su primera obra urbana en R\u00edo Negro\u00a0"},"content":{"rendered":"\n<p>Vecinas y vecinas del barrio Lagos de Chile de la comuna de R\u00edo Negro colocaron simb\u00f3licamente la primera piedra de \u201cPlaza de los Tres Lagos\u201d, primera obra urbana que se ejecuta en dicho sector de la provincia de Osorno en el marco del programa Quiero mi Barrio que financian el Ministerio de Vivienda y Urbanismo y el municipio local.&nbsp;<\/p>\n\n\n\n<p>El proyecto se ejecuta en la intersecci\u00f3n de calles Lago Budi con Lago Ri\u00f1ihue, cuenta con una inversi\u00f3n cercana a los 40 millones de pesos y mejorar\u00e1 un \u00e1rea verde que permite acceder a un paradero de transporte p\u00fablico, junto con la instalaci\u00f3n de equipamiento y mobiliaria urbano y una zona de juegos infantiles.&nbsp;&nbsp;<\/p>\n\n\n\n<p>Pare el Seremi de Vivienda y Urbanismo, <strong>Fabi\u00e1n Nail<\/strong>, este hito es muy importante, \u201cporque, como su nombre lo indica, es la primera piedra de la obra de confianza de este Quiero mi Barrio aqu\u00ed en la comuna de R\u00edo Negro. Es fundamental poder reconstruir las confianzas y demostrar con hechos concretos el trabajo que se est\u00e1 realizando, para ir dando respuestas concretas a las necesidades en la comuna. Tenemos distintas l\u00edneas de acci\u00f3n, desde el Plan de Emergencia Habitacional, que cuenta con metas espec\u00edficas y diferenciadas para cada comuna, as\u00ed como los distintos programas urbanos, como pavimentaci\u00f3n participativa, mejoramiento de aceras y espacios p\u00fablicos, para lograr el desarrollo de la comunidad\u201d.&nbsp;<\/p>\n\n\n<div class=\"wp-block-image\">\n<figure class=\"alignleft size-full is-resized\"><img loading=\"lazy\" decoding=\"async\" src=\"https:\/\/www.semanariolocal.cl\/wp-content\/uploads\/2023\/08\/rio_negro.jpg\" alt=\"\" class=\"wp-image-14328\" style=\"width:471px;height:283px\" width=\"471\" height=\"283\" srcset=\"https:\/\/www.semanariolocal.cl\/wp-content\/uploads\/2023\/08\/rio_negro.jpg 1000w, https:\/\/www.semanariolocal.cl\/wp-content\/uploads\/2023\/08\/rio_negro-300x180.jpg 300w, https:\/\/www.semanariolocal.cl\/wp-content\/uploads\/2023\/08\/rio_negro-768x461.jpg 768w\" sizes=\"auto, (max-width: 471px) 100vw, 471px\" \/><\/figure>\n<\/div>\n\n\n<p>El alcalde de R\u00edo Negro, <strong>Sebasti\u00e1n Cruzat<\/strong>, indic\u00f3 que el inicio de este proyecto \u201ces una muestra de que se est\u00e1n ejecutando obras, no planificando ni proyect\u00e1ndolas a futuro. Nada de esto hubiese sido posible si no hubi\u00e9semos priorizado este sector, que tambi\u00e9n estuvo en el abandono lamentablemente durante muchos a\u00f1os, pero hoy, a trav\u00e9s de la organizaci\u00f3n de los vecinos y de este programa, se ha podido rescatar el trabajo que han desarrollado que permiten desarrollar diversas actividades\u201d.\u00a0<\/p>\n\n\n\n<p>Finalmente, a nombre de la comunidad beneficiada, <strong>Celeste Asenjo<\/strong>, secretaria del Consejo Vecinal de Desarrollo de Barrio Lagos de Chile, agradeci\u00f3 la presencia de autoridades y catalog\u00f3 este hito de inicio de obras como \u201cun gran acontecimiento para la poblaci\u00f3n Lagos de Chile. El programa Quiero mi Barrio nos ha tra\u00eddo m\u00faltiples beneficios, tanto en infraestructuras como en obras sociales, que nos han permitido reconstruir el tejido comunitario que se hab\u00eda perdido en un barrio bien antiguo que tiene una trayectoria de vida trabajadora para salir adelante, por lo que esperamos que todo siga avanzando y que los proyectos sigan fortaleciendo a nuestra comunidad\u201d.&nbsp;<\/p>\n\n\n\n<p>Este encuentro entre autoridades y dirigentes tambi\u00e9n permiti\u00f3 oficializar el denominado Contrato de Barrio Lagos de Chile, documento oficial que establece todas las obras urbanas y sociales que se desarrollar\u00e1n en el barrio, entre las cuales destaca el mejoramiento de las plazas Lago Llanquihue y Las Ilusiones, as\u00ed como el de las v\u00edas Caburgua, Ranco y Covadonga y el tramo Las Ilusiones.&nbsp;<\/p>\n","protected":false},"excerpt":{"rendered":"<p>Se trata del proyecto \u201cPlaza los Tres Lagos\u201d, que mejorar\u00e1 al acceso a un paradero de locomoci\u00f3n colectiva en Barrio Lagos de Chile.<\/p>\n","protected":false},"author":1,"featured_media":14327,"comment_status":"closed","ping_status":"closed","sticky":false,"template":"","format":"standard","meta":{"footnotes":""},"categories":[3,8],"tags":[2117,2118,246,337,273,132,247,770,133,1064,756],"class_list":["post-14326","post","type-post","status-publish","format-standard","has-post-thumbnail","hentry","category-al-dia","category-comunas","tag-osorno-2","tag-semanariolocal","tag-comunas","tag-informacion","tag-noticias","tag-osorno","tag-region-de-los-lagos","tag-rio-negro","tag-semanario-local","tag-serviu-los-lagos","tag-vivienda"],"_links":{"self":[{"href":"https:\/\/www.semanariolocal.cl\/index.php?rest_route=\/wp\/v2\/posts\/14326","targetHints":{"allow":["GET"]}}],"collection":[{"href":"https:\/\/www.semanariolocal.cl\/index.php?rest_route=\/wp\/v2\/posts"}],"about":[{"href":"https:\/\/www.semanariolocal.cl\/index.php?rest_route=\/wp\/v2\/types\/post"}],"author":[{"embeddable":true,"href":"https:\/\/www.semanariolocal.cl\/index.php?rest_route=\/wp\/v2\/users\/1"}],"replies":[{"embeddable":true,"href":"https:\/\/www.semanariolocal.cl\/index.php?rest_route=%2Fwp%2Fv2%2Fcomments&post=14326"}],"version-history":[{"count":1,"href":"https:\/\/www.semanariolocal.cl\/index.php?rest_route=\/wp\/v2\/posts\/14326\/revisions"}],"predecessor-version":[{"id":14329,"href":"https:\/\/www.semanariolocal.cl\/index.php?rest_route=\/wp\/v2\/posts\/14326\/revisions\/14329"}],"wp:featuredmedia":[{"embeddable":true,"href":"https:\/\/www.semanariolocal.cl\/index.php?rest_route=\/wp\/v2\/media\/14327"}],"wp:attachment":[{"href":"https:\/\/www.semanariolocal.cl\/index.php?rest_route=%2Fwp%2Fv2%2Fmedia&parent=14326"}],"wp:term":[{"taxonomy":"category","embeddable":true,"href":"https:\/\/www.semanariolocal.cl\/index.php?rest_route=%2Fwp%2Fv2%2Fcategories&post=14326"},{"taxonomy":"post_tag","embeddable":true,"href":"https:\/\/www.semanariolocal.cl\/index.php?rest_route=%2Fwp%2Fv2%2Ftags&post=14326"}],"curies":[{"name":"wp","href":"https:\/\/api.w.org\/{rel}","templated":true}]}}