{"id":14271,"date":"2023-08-23T13:11:13","date_gmt":"2023-08-23T17:11:13","guid":{"rendered":"https:\/\/www.semanariolocal.cl\/?p=14271"},"modified":"2023-08-23T13:11:13","modified_gmt":"2023-08-23T17:11:13","slug":"diputados-udi-responden-duramente-a-criticas-del-senador-psjose-miguel-insulza","status":"publish","type":"post","link":"https:\/\/www.semanariolocal.cl\/?p=14271","title":{"rendered":"Diputados UDI responden duramente a cr\u00edticas del senador (PS)Jos\u00e9 Miguel Insulza"},"content":{"rendered":"\n<p>Luego que el senador Jos\u00e9 Miguel Insulza (PS) calificara de \u201cmiserable\u201d y \u201cprovocadora\u201d la solicitud que realizaron las bancadas de oposici\u00f3n para recordar el acuerdo suscrito por la C\u00e1mara de Diputados el 22 de agosto de 1973, donde se constat\u00f3 un \u201cgrave quebrantamiento del orden constitucional y legal de la Rep\u00fablica\u201d durante el gobierno del ex Presidente Salvador Allende, los diputados de la UDI, Felipe Donoso y Juan Manuel Fuenzalida, respondieron al parlamentario socialista, recordando la \u201ccomplicidad\u201d que mantuvo con los reg\u00edmenes totalitarios de Latinoam\u00e9rica durante su per\u00edodo como secretario general de la Organizaci\u00f3n de los Estados Americanos (OEA)<\/p>\n\n\n\n<p>Al respecto, los parlamentarios gremialistas apuntaron a las innumerables oportunidades en que el senador Insulza -entre los a\u00f1os 2010 y 2014- se neg\u00f3 a reconocer la existencia de violaciones a los derechos humanos, por ejemplo, en Venezuela, pese a que ya se hab\u00eda registrado la muerte de varios manifestantes a manos de agentes del Estado. Asimismo, recordaron que hasta que ejerci\u00f3 su cargo en la OEA declar\u00f3 que en dicho pa\u00eds \u201cno se ha roto la democracia\u201d, lo que volvi\u00f3 a reiterar en 2017 cuando anunci\u00f3 su candidatura senatorial, reafirmando que \u201ca\u00fan quedan vestigios de democracia\u201d y que, incluso con los antecedentes que ten\u00eda a la vista, no pod\u00eda hablar de que era una dictadura.<\/p>\n\n\n\n<p>Por lo mismo, y junto con cuestionar el tono utilizado por el senador socialista, los diputados Donoso y Fuenzalida aseguraron que Insulza \u201cno tiene la m\u00e1s m\u00ednima autoridad para cuestionarnos por rememorar un acuerdo que forma parte de la historia de nuestro pa\u00eds\u201d, aclarando que como parlamentarios \u201cs\u00ed hemos condenado las violaciones a los derechos humanos, vengan de donde vengan, a diferencia de \u00e9l, que mantuvo un silencio c\u00f3mplice con lo que ocurr\u00eda en Venezuela\u201d.<\/p>\n\n\n\n<p>\u201cAs\u00ed como el Partido Comunista decidi\u00f3 presentar un proyecto de resoluci\u00f3n para manifestar su rechazo al acuerdo de agosto de 1973, como oposici\u00f3n tambi\u00e9n ten\u00edamos el leg\u00edtimo derecho a recordar la grave situaci\u00f3n en que se encontraba nuestro pa\u00eds en los meses previos al quiebre democr\u00e1tico. Pero independiente de aquello, como partido hemos hecho un mea culpa respecto a las graves situaciones que ocurrieron durante el gobierno militar, y de manera permanente hemos condenado las violaciones a los derechos fundamentales, independiente del pa\u00eds donde se cometan, lo que lamentablemente el senador Insulza no puede decir que tambi\u00e9n hizo\u201d, se\u00f1alaron los UDI.<\/p>\n\n\n\n<p>En esa l\u00ednea, Donoso y Fuenzalida insistieron en que cuando se desempe\u00f1\u00f3 como secretario general de la OEA \u201cjam\u00e1s tuvo la valent\u00eda de condenar la situaci\u00f3n que se estaba generando en Venezuela y que hoy los mantiene sumidos en una grave dictadura, con severos problemas de pobreza y una de las crisis migratorias m\u00e1s grandes del \u00faltimo tiempo\u201d, asegurando incluso que nunca promovi\u00f3 la aplicaci\u00f3n de la Carta Democr\u00e1tica Interamericana -que se utiliza para defender una democracia que se encuentra amenazada-, excus\u00e1ndose siempre en que el resto de los estados no se lo solicitaba.<\/p>\n\n\n\n<p>\u201cAs\u00ed como lo hemos hecho nosotros, esperamos que el senador Insulza tenga la capacidad de hacer un mea culpa de su gesti\u00f3n como secretario general de la OEA, porque si efectivamente hubiese tenido la voluntad y tambi\u00e9n la valent\u00eda de condenar las violaciones a los derechos humanos en Venezuela y a enfrentar el r\u00e9gimen dictatorial, sin importarle lo que le dijeran sus socios del Partido Comunista, quiz\u00e1s la historia reciente ser\u00eda muy distinta. Sin embargo, nunca lo hizo y hoy, de manera absolutamente inconsecuente, tiene el atrevimiento de cuestionarnos por el simple hecho de recordar parte de nuestra historia, lo que da cuenta del permanente intento que tiene la izquierda por querer instalar una verdad oficial y \u00fanica en nuestro pa\u00eds\u201d, reiteraron los diputados gremialistas.<\/p>\n","protected":false},"excerpt":{"rendered":"<p>Diputados de la Bancada UDI, Felipe Donoso y Juan Manuel Fuenzalida respondieron las declaraciones del senador Jos\u00e9 Miguel Insulza (PS), quien calific\u00f3 como \u00abmiserable\u00bb y \u00abprovocadora\u00bb la solicitud realizada por las bancadas de oposici\u00f3n para recordar el acuerdo suscrito por la C\u00e1mara el 22 de agosto de 1973, que declar\u00f3 un \u00abgrave quebrantamiento del orden constitucional y legal de la Rep\u00fablica\u00bb durante el gobierno del ex Presidente Salvador Allende.<\/p>\n","protected":false},"author":1,"featured_media":14273,"comment_status":"closed","ping_status":"closed","sticky":false,"template":"","format":"standard","meta":{"footnotes":""},"categories":[3,6],"tags":[2117,2118,2130,525,337,2139,2138,273,132,590,247,133],"class_list":["post-14271","post","type-post","status-publish","format-standard","has-post-thumbnail","hentry","category-al-dia","category-politica","tag-osorno-2","tag-semanariolocal","tag-2130","tag-felipe-donoso","tag-informacion","tag-jose-manuel-fuenzalida","tag-jose-miguel-insulza","tag-noticias","tag-osorno","tag-parlamentarios","tag-region-de-los-lagos","tag-semanario-local"],"_links":{"self":[{"href":"https:\/\/www.semanariolocal.cl\/index.php?rest_route=\/wp\/v2\/posts\/14271","targetHints":{"allow":["GET"]}}],"collection":[{"href":"https:\/\/www.semanariolocal.cl\/index.php?rest_route=\/wp\/v2\/posts"}],"about":[{"href":"https:\/\/www.semanariolocal.cl\/index.php?rest_route=\/wp\/v2\/types\/post"}],"author":[{"embeddable":true,"href":"https:\/\/www.semanariolocal.cl\/index.php?rest_route=\/wp\/v2\/users\/1"}],"replies":[{"embeddable":true,"href":"https:\/\/www.semanariolocal.cl\/index.php?rest_route=%2Fwp%2Fv2%2Fcomments&post=14271"}],"version-history":[{"count":1,"href":"https:\/\/www.semanariolocal.cl\/index.php?rest_route=\/wp\/v2\/posts\/14271\/revisions"}],"predecessor-version":[{"id":14274,"href":"https:\/\/www.semanariolocal.cl\/index.php?rest_route=\/wp\/v2\/posts\/14271\/revisions\/14274"}],"wp:featuredmedia":[{"embeddable":true,"href":"https:\/\/www.semanariolocal.cl\/index.php?rest_route=\/wp\/v2\/media\/14273"}],"wp:attachment":[{"href":"https:\/\/www.semanariolocal.cl\/index.php?rest_route=%2Fwp%2Fv2%2Fmedia&parent=14271"}],"wp:term":[{"taxonomy":"category","embeddable":true,"href":"https:\/\/www.semanariolocal.cl\/index.php?rest_route=%2Fwp%2Fv2%2Fcategories&post=14271"},{"taxonomy":"post_tag","embeddable":true,"href":"https:\/\/www.semanariolocal.cl\/index.php?rest_route=%2Fwp%2Fv2%2Ftags&post=14271"}],"curies":[{"name":"wp","href":"https:\/\/api.w.org\/{rel}","templated":true}]}}