{"id":14264,"date":"2023-08-22T22:12:46","date_gmt":"2023-08-23T02:12:46","guid":{"rendered":"https:\/\/www.semanariolocal.cl\/?p=14264"},"modified":"2023-08-22T22:12:47","modified_gmt":"2023-08-23T02:12:47","slug":"camara-de-comercio-de-santiago-lidera-mision-comercial-a-peru-junto-a-pequenas-y-medianas-empresas-chilenas","status":"publish","type":"post","link":"https:\/\/www.semanariolocal.cl\/?p=14264","title":{"rendered":"C\u00e1mara de Comercio de Santiago lidera misi\u00f3n comercial a Per\u00fa junto a peque\u00f1as y medianas empresas chilenas"},"content":{"rendered":"\n<p>Con el objetivo de estrechar lazos y establecer nuevas relaciones comerciales con Per\u00fa, especialmente para peque\u00f1as y medianas empresas, la C\u00e1mara de Comercio de Santiago (CCS) inici\u00f3 este lunes una misi\u00f3n comercial junto a 21 representantes de pymes de distintos rubros.&nbsp; Soluciones para la miner\u00eda, sonido publicitario, integraci\u00f3n de&nbsp;<em>marketplaces<\/em>, son solo algunos de los servicios que ofrecen las empresas nacionales que participan del viaje.<\/p>\n\n\n\n<p>Carlos Soublette, gerente general de la CCS, valor\u00f3 esta instancia y se\u00f1al\u00f3 que \u201ccomo gremio siempre buscamos abrir nuevas oportunidades comerciales para las empresas chilenas y, particularmente, para las pymes. Dentro de la regi\u00f3n, Per\u00fa es un buen aliado en este \u00e1mbito y estamos seguros de que se podr\u00e1n concretar en el corto plazo fruct\u00edferos negocios entre los representantes de ambos pa\u00edses\u201d.<\/p>\n\n\n\n<p>Entre las actividades que se est\u00e1n desarrollando destaca, como introducci\u00f3n general al mercado y sus caracter\u00edsticas tributarias, una cita realizada este lunes con el embajador de Chile en Per\u00fa, \u00d3scar Fuentes, junto a una exposici\u00f3n de la directora comercial de ProChile en el pa\u00eds vecino, Lorena S\u00e1nchez. Adicionalmente, las empresas dentro de su agenda sostendr\u00e1n reuniones con empresarios peruanos seg\u00fan su foco de negocio.<\/p>\n\n\n\n<p>Por su parte Carlos Soublette participar\u00e1 adem\u00e1s encuentros con el presidente de la C\u00e1mara Peruano Chilena, Juan Carlos Fisher, y con la presidenta de la C\u00e1mara de Comercio de Lima, Rosa Bueno.<\/p>\n\n\n\n<p>Cabe se\u00f1alar que el intercambio comercial entre Chile y Per\u00fa super\u00f3 los US$ 3.500 millones en 2022, alcanzando un r\u00e9cord hist\u00f3rico, mientras que las inversiones de Chile en Per\u00fa ascienden a US$ 12.238&nbsp;millones y las de Per\u00fa en nuestro pa\u00eds a US$ 587 millones.<\/p>\n","protected":false},"excerpt":{"rendered":"<p>La delegaci\u00f3n est\u00e1 compuesta por m\u00e1s de 20 empresas nacionales de los rubros financiero, tecnolog\u00eda, recursos humanos, alimenticio, minero, entre otros, las que por cinco d\u00edas sostendr\u00e1n reuniones con autoridades y participar\u00e1n de instancias de intercambio y colaboraci\u00f3n con firmas peruanas.<\/p>\n","protected":false},"author":1,"featured_media":14265,"comment_status":"closed","ping_status":"closed","sticky":false,"template":"","format":"standard","meta":{"footnotes":""},"categories":[3],"tags":[337,273,132,247,133],"class_list":["post-14264","post","type-post","status-publish","format-standard","has-post-thumbnail","hentry","category-al-dia","tag-informacion","tag-noticias","tag-osorno","tag-region-de-los-lagos","tag-semanario-local"],"_links":{"self":[{"href":"https:\/\/www.semanariolocal.cl\/index.php?rest_route=\/wp\/v2\/posts\/14264","targetHints":{"allow":["GET"]}}],"collection":[{"href":"https:\/\/www.semanariolocal.cl\/index.php?rest_route=\/wp\/v2\/posts"}],"about":[{"href":"https:\/\/www.semanariolocal.cl\/index.php?rest_route=\/wp\/v2\/types\/post"}],"author":[{"embeddable":true,"href":"https:\/\/www.semanariolocal.cl\/index.php?rest_route=\/wp\/v2\/users\/1"}],"replies":[{"embeddable":true,"href":"https:\/\/www.semanariolocal.cl\/index.php?rest_route=%2Fwp%2Fv2%2Fcomments&post=14264"}],"version-history":[{"count":1,"href":"https:\/\/www.semanariolocal.cl\/index.php?rest_route=\/wp\/v2\/posts\/14264\/revisions"}],"predecessor-version":[{"id":14266,"href":"https:\/\/www.semanariolocal.cl\/index.php?rest_route=\/wp\/v2\/posts\/14264\/revisions\/14266"}],"wp:featuredmedia":[{"embeddable":true,"href":"https:\/\/www.semanariolocal.cl\/index.php?rest_route=\/wp\/v2\/media\/14265"}],"wp:attachment":[{"href":"https:\/\/www.semanariolocal.cl\/index.php?rest_route=%2Fwp%2Fv2%2Fmedia&parent=14264"}],"wp:term":[{"taxonomy":"category","embeddable":true,"href":"https:\/\/www.semanariolocal.cl\/index.php?rest_route=%2Fwp%2Fv2%2Fcategories&post=14264"},{"taxonomy":"post_tag","embeddable":true,"href":"https:\/\/www.semanariolocal.cl\/index.php?rest_route=%2Fwp%2Fv2%2Ftags&post=14264"}],"curies":[{"name":"wp","href":"https:\/\/api.w.org\/{rel}","templated":true}]}}