{"id":14248,"date":"2023-08-19T13:48:04","date_gmt":"2023-08-19T17:48:04","guid":{"rendered":"https:\/\/www.semanariolocal.cl\/?p=14248"},"modified":"2023-08-22T14:03:57","modified_gmt":"2023-08-22T18:03:57","slug":"nestle-chile-lanza-fondo-concursable-en-osorno","status":"publish","type":"post","link":"https:\/\/www.semanariolocal.cl\/?p=14248","title":{"rendered":"Nestl\u00e9 Chile lanza fondo concursable en Osorno"},"content":{"rendered":"\n<p>Junto al alcalde de Osorno, Emeterio Carrillo, y representantes de juntas de vecinos y organizaciones sociales de la comuna, Nestl\u00e9 Chile dio a conocer los alcances de la postulaci\u00f3n al Fondo de Desarrollo Local Henri Nestl\u00e9 2023.<\/p>\n\n\n\n<p>La convocatoria est\u00e1 orientada a organizaciones sin fines de lucro, tales como juntas de vecinos, clubes deportivos y otros, para que presenten iniciativas que aporten soluciones a problem\u00e1ticas locales en los ejes de Cambio Clim\u00e1tico, Envases Sustentables, Eficiencia H\u00eddrica, Desarrollo Comunitario y Nutrici\u00f3n, considerando la entrega de $10 millones de pesos a repartir entre los ganadores.<\/p>\n\n\n\n<p>Para realzar el trabajo asociativo y el despliegue de esta iniciativa, por segundo a\u00f1o consecutivo Nestl\u00e9 trabajar\u00e1 juntoa la Corporaci\u00f3n Sim\u00f3n de Cirene, organizaci\u00f3n sin fines de lucro que cuenta con m\u00e1s de 27 a\u00f1os de experiencia ayudando a comunidades a lograr sus prop\u00f3sitos, quienes realizar\u00e1n un acompa\u00f1amiento a los ganadores en toda la etapa de implementaci\u00f3n de sus proyectos.<\/p>\n\n\n\n<p>\u201cNosotros nos hemos sumado a esta iniciativa que ha tenido Nestl\u00e9 de lanzar este concurso Henri Nestl\u00e9 2023 que es un fondo que ellos, como empresa privada, ponen a disposici\u00f3n de las distintas organizaciones sociales. Nosotros como municipio nos hemos sumado en la convocatoria, en poder dar los espacios para que la empresa pueda socializar este tema con las distintas juntas de vecinos e instituciones que hoy d\u00eda se interesan por postular a estos proyectos. Creo que es muy importante cuando el mundo privado tambi\u00e9n participa y se compromete en este trabajo\u201d, se\u00f1al\u00f3 el alcalde de Osorno, Emeterio Carrillo.<\/p>\n\n\n\n<p>En tanto, el gerente de la f\u00e1brica Nestl\u00e9 Cancura, Nelson Santelices, enfatiz\u00f3 que \u201cel apoyo del municipio en la difusi\u00f3n de este fondo es muy importante, ya que nos ayuda a que m\u00e1s organizaciones puedan inscribir proyectos relevantes que est\u00e9n en sinton\u00eda con las necesidades de su comunidad. Ese es el principal objetivo que cada a\u00f1o buscamos a trav\u00e9s del Fondo de Desarrollo Local Henri Nestl\u00e9\u201d.<\/p>\n\n\n\n<p>Para m\u00e1s informaci\u00f3n ingresa a <a href=\"http:\/\/www.nestle.cl\">www.nestle.cl<\/a><\/p>\n","protected":false},"excerpt":{"rendered":"<p>La convocatoria se extender\u00e1 hasta el 15 de septiembre de este a\u00f1o y entregar\u00e1 fondos a las organizaciones sociales de la comuna, donde la compa\u00f1\u00eda est\u00e1 presente con su f\u00e1brica.<\/p>\n","protected":false},"author":1,"featured_media":14249,"comment_status":"closed","ping_status":"closed","sticky":false,"template":"","format":"standard","meta":{"footnotes":""},"categories":[3],"tags":[337,510,273,2135,247,133],"class_list":["post-14248","post","type-post","status-publish","format-standard","has-post-thumbnail","hentry","category-al-dia","tag-informacion","tag-nestle-2","tag-noticias","tag-nrestle","tag-region-de-los-lagos","tag-semanario-local"],"_links":{"self":[{"href":"https:\/\/www.semanariolocal.cl\/index.php?rest_route=\/wp\/v2\/posts\/14248","targetHints":{"allow":["GET"]}}],"collection":[{"href":"https:\/\/www.semanariolocal.cl\/index.php?rest_route=\/wp\/v2\/posts"}],"about":[{"href":"https:\/\/www.semanariolocal.cl\/index.php?rest_route=\/wp\/v2\/types\/post"}],"author":[{"embeddable":true,"href":"https:\/\/www.semanariolocal.cl\/index.php?rest_route=\/wp\/v2\/users\/1"}],"replies":[{"embeddable":true,"href":"https:\/\/www.semanariolocal.cl\/index.php?rest_route=%2Fwp%2Fv2%2Fcomments&post=14248"}],"version-history":[{"count":1,"href":"https:\/\/www.semanariolocal.cl\/index.php?rest_route=\/wp\/v2\/posts\/14248\/revisions"}],"predecessor-version":[{"id":14250,"href":"https:\/\/www.semanariolocal.cl\/index.php?rest_route=\/wp\/v2\/posts\/14248\/revisions\/14250"}],"wp:featuredmedia":[{"embeddable":true,"href":"https:\/\/www.semanariolocal.cl\/index.php?rest_route=\/wp\/v2\/media\/14249"}],"wp:attachment":[{"href":"https:\/\/www.semanariolocal.cl\/index.php?rest_route=%2Fwp%2Fv2%2Fmedia&parent=14248"}],"wp:term":[{"taxonomy":"category","embeddable":true,"href":"https:\/\/www.semanariolocal.cl\/index.php?rest_route=%2Fwp%2Fv2%2Fcategories&post=14248"},{"taxonomy":"post_tag","embeddable":true,"href":"https:\/\/www.semanariolocal.cl\/index.php?rest_route=%2Fwp%2Fv2%2Ftags&post=14248"}],"curies":[{"name":"wp","href":"https:\/\/api.w.org\/{rel}","templated":true}]}}