{"id":14245,"date":"2023-08-19T01:40:00","date_gmt":"2023-08-19T05:40:00","guid":{"rendered":"https:\/\/www.semanariolocal.cl\/?p=14245"},"modified":"2023-08-22T13:47:36","modified_gmt":"2023-08-22T17:47:36","slug":"osorno-fue-sede-de-nueva-edicion-de-curso-y-de-enfermedades-respiratorias-pediatricas","status":"publish","type":"post","link":"https:\/\/www.semanariolocal.cl\/?p=14245","title":{"rendered":"Osorno fue sede de nueva edici\u00f3n de Curso y de Enfermedades Respiratorias Pedi\u00e1tricas"},"content":{"rendered":"\n<p>En salones del hotel Sonesta de la ciudad de Osorno, se realiz\u00f3 una nueva versi\u00f3n del Curso \u201cDr. Patricio Gonz\u00e1lez\u201d y la versi\u00f3n n\u00famero 9 de las Jornadas de Enfermedades Respiratorias Pedi\u00e1tricas \u201cDr. Alfonso Montecinos\u201d, evento organizado por la Sociedad Chilena de Enfermedades Respiratorias SER Chile a trav\u00e9s de su Filial Sur y que cont\u00f3 con el patrocinio del Colegio M\u00e9dico Osorno.<\/p>\n\n\n\n<p>En la importante cita, se dieron cita profesionales m\u00e9dicos, estudiantes, acad\u00e9micos y directivos ligados a la Salud, instancia que es considerada una de las m\u00e1s importantes a nivel nacional, debido a la experiencia de los expositores, trascendencia de los temas tratados y sus implicancias para el desarrollo y tratamiento de las enfermedades respiratorias en el pa\u00eds.<\/p>\n\n\n\n<p>En total, se desarrollaron cuatro m\u00f3dulos, donde se trataron temas ligados al Sue\u00f1o, Neumon\u00eda viral, Soporte ventilatoria fuera de UCI y Funci\u00f3n pulmonar y asma, contando con un amplio panel de expertos y expositores encargados de tratar tem\u00e1ticas espec\u00edficas de cada materia, como lo es el diagn\u00f3stico, pesquisa de enfermedades, tratamientos, terapias, pruebas de funci\u00f3n pulmonar, entre otras, permitiendo adem\u00e1s la discusi\u00f3n y preguntas por parte de los asistentes.<\/p>\n\n\n\n<p>El m\u00e9dico broncopulmonar infantil y Presidente de la Sociedad Chilena de Enfermedades Respiratorias SER Chile, Dr. Guillermo Zepeda, indic\u00f3 que este evento estuvo enfocado principalmente en profesionales de la zona sur del pa\u00eds, con \u00e9nfasis en patolog\u00edas respiratorias tanto pedi\u00e1tricas como en adultos.<\/p>\n\n\n\n<p>\u201cEste Curso est\u00e1 dirigido a personal de Salud que trabaja a nivel hospitalario y de Atenci\u00f3n Primaria, adem\u00e1s de invitar a estudiantes de medicina y kinesiolog\u00eda, por lo que contamos con un amplio espectro de asistentes que de seguro aprendieron mucho de las diferentes ponencias\u201d, comenta el Dr. Zepeda.<\/p>\n\n\n\n<p>La pediatra broncopulmonar del Hospital Base Osorno y docente de la Universidad Austral de Chile, Dra. Natalia Rivera, se encarg\u00f3 de exponer los alcances del virus sincicial respiratorio y dar a conocer las Terapias biol\u00f3gicas en asma severa en ni\u00f1os, tratamiento vanguardista que ya se aplica en el principal recinto de salud osornino.<\/p>\n\n\n\n<p>\u201cLa ciudad de Osorno se encuentra en muy bien pie en materia de tratamientos, debido a la alta tasa de casos, los que se empinan por sobre la media nacional, por lo que constantemente se buscan terapias innovadoras y de primer mundo. Este invierno fue de alta demanda, con mucha hospitalizaci\u00f3n, pero afortunadamente ha bajado la circulaci\u00f3n viral y como sistema p\u00fablico pudimos enfrentar de buena forma esta contingencia\u201d, explica la Dra. Rivera.<\/p>\n\n\n\n<p>El Director del presente Curso, Dr. Edgardo Grob resalt\u00f3 el \u00e9xito de esta actividad patrocinada por Colmed Osorno y UACh Campo Cl\u00ednico Osorno, en que un centenar de asistentes pudieron escuchar exposiciones de \u00f3ptimo nivel en temas tan variados como trastornos del sue\u00f1o, infecciones virales de ni\u00f1os y adultos, estudio funcional respiratorio y uso de diferentes dispositivos de mejora en aporte de ox\u00edgeno a pacientes en falencia del mismo y actualizaci\u00f3n en vacunas.<\/p>\n\n\n\n<p>\u201cEn lo hist\u00f3rico ya van 20 a\u00f1os de esta actividad y seguiremos cada a\u00f1o entregando nuevos conocimientos en patolog\u00eda respiratoria, entre otros temas, como lo destacado en cierre de este evento, donde se analiz\u00f3 la preocupante situaci\u00f3n de contaminaci\u00f3n del mundo al cual nuestra ciudad lamentablemente no est\u00e1 ajena\u201d, puntualiz\u00f3 el Dr. Grob.<\/p>\n","protected":false},"excerpt":{"rendered":"<p>La actividad, que cont\u00f3 con el patrocinio del Colegio M\u00e9dico Osorno, reuni\u00f3 a m\u00e1s de un centenar de participantes provenientes de todo el pa\u00eds, quienes pudieron actualizar conocimientos en materia de enfermedades respiratorias.<\/p>\n","protected":false},"author":1,"featured_media":14246,"comment_status":"closed","ping_status":"closed","sticky":false,"template":"","format":"standard","meta":{"footnotes":""},"categories":[3],"tags":[337,273,132,247,56,133],"class_list":["post-14245","post","type-post","status-publish","format-standard","has-post-thumbnail","hentry","category-al-dia","tag-informacion","tag-noticias","tag-osorno","tag-region-de-los-lagos","tag-salud","tag-semanario-local"],"_links":{"self":[{"href":"https:\/\/www.semanariolocal.cl\/index.php?rest_route=\/wp\/v2\/posts\/14245","targetHints":{"allow":["GET"]}}],"collection":[{"href":"https:\/\/www.semanariolocal.cl\/index.php?rest_route=\/wp\/v2\/posts"}],"about":[{"href":"https:\/\/www.semanariolocal.cl\/index.php?rest_route=\/wp\/v2\/types\/post"}],"author":[{"embeddable":true,"href":"https:\/\/www.semanariolocal.cl\/index.php?rest_route=\/wp\/v2\/users\/1"}],"replies":[{"embeddable":true,"href":"https:\/\/www.semanariolocal.cl\/index.php?rest_route=%2Fwp%2Fv2%2Fcomments&post=14245"}],"version-history":[{"count":1,"href":"https:\/\/www.semanariolocal.cl\/index.php?rest_route=\/wp\/v2\/posts\/14245\/revisions"}],"predecessor-version":[{"id":14247,"href":"https:\/\/www.semanariolocal.cl\/index.php?rest_route=\/wp\/v2\/posts\/14245\/revisions\/14247"}],"wp:featuredmedia":[{"embeddable":true,"href":"https:\/\/www.semanariolocal.cl\/index.php?rest_route=\/wp\/v2\/media\/14246"}],"wp:attachment":[{"href":"https:\/\/www.semanariolocal.cl\/index.php?rest_route=%2Fwp%2Fv2%2Fmedia&parent=14245"}],"wp:term":[{"taxonomy":"category","embeddable":true,"href":"https:\/\/www.semanariolocal.cl\/index.php?rest_route=%2Fwp%2Fv2%2Fcategories&post=14245"},{"taxonomy":"post_tag","embeddable":true,"href":"https:\/\/www.semanariolocal.cl\/index.php?rest_route=%2Fwp%2Fv2%2Ftags&post=14245"}],"curies":[{"name":"wp","href":"https:\/\/api.w.org\/{rel}","templated":true}]}}