{"id":14201,"date":"2023-08-17T20:40:17","date_gmt":"2023-08-18T00:40:17","guid":{"rendered":"https:\/\/www.semanariolocal.cl\/?p=14201"},"modified":"2023-08-17T20:40:18","modified_gmt":"2023-08-18T00:40:18","slug":"sectores-economicos-de-la-region-muestran-crecimiento-de-la-ocupacion","status":"publish","type":"post","link":"https:\/\/www.semanariolocal.cl\/?p=14201","title":{"rendered":"Sectores econ\u00f3micos de la regi\u00f3n muestran crecimiento de la ocupaci\u00f3n"},"content":{"rendered":"\n<p>El Observatorio Laboral de Sence de la regi\u00f3n de Los Lagos, ejecutado por la Universidad de Los Lagos&nbsp;entreg\u00f3 recientemente los datos que arroj\u00f3 el \u00faltimo Term\u00f3metro Laboral, donde destacan cifras en torno al empleo, la educaci\u00f3n y los diversos sectores productivos.<\/p>\n\n\n\n<p>En comparaci\u00f3n con el a\u00f1o 2022, destaca el crecimiento de la ocupaci\u00f3n en cuatro sectores productivos de la regi\u00f3n, estos son: Silvoagropecuario y Pesca (12,9%); Transporte y Almacenamiento (7,8%); Servicios Sociales y Personales (6,9%); y Comercio (6,4%).<\/p>\n\n\n\n<p>\u201c<em>Seg\u00fan el Term\u00f3metro Laboral del Sence, observamos que sectores econ\u00f3micos de nuestra regi\u00f3n de Los Lagos muestran crecimiento de la ocupaci\u00f3n en comparaci\u00f3n con el a\u00f1o 2022. Entre ellos podemos destacar comercio, servicios sociales y personales, transporte y almacenamiento y silvoagropecuaria y pesca. Asimismo, la categor\u00eda ocupacional de asalariados privados y por cuenta propia aumentaron, respectivamente en 4,2% y 3,8%, en comparaci\u00f3n al mismo trimestre del 2022<\/em>\u201d, inform\u00f3 el&nbsp;<strong>Seremi del Trabajo y Previsi\u00f3n Social<\/strong>,&nbsp;<strong>\u00c1ngel Cabrera Mansilla<\/strong>. &nbsp;<\/p>\n\n\n\n<p>OCUPACI\u00d3N<\/p>\n\n\n\n<p>En el trimestre Abr-Jun 2023, la regi\u00f3n de Los Lagos alcanz\u00f3 una tasa de ocupaci\u00f3n de 48,9%, la cual destaca por ser la m\u00e1s alta en comparaci\u00f3n al mismo trimestre de los \u00faltimos 3 a\u00f1os. Es as\u00ed, como el total de ocupados en la regi\u00f3n se registr\u00f3 con 360.659 personas.<\/p>\n\n\n\n<p>\u201c<em>De esta forma se confirma una tendencia a la recuperaci\u00f3n en las cifras globales, impulsada principalmente por los sectores primarios din\u00e1micos de la regi\u00f3n, no obstante, a\u00fan presentamos cifras bajo el contexto nacional, que debiesen mejorar con el impulso en los sectores rezagados\u201d,&nbsp;<\/em>indica&nbsp;<strong>Luz Ferrada, directora del Observatorio Laboral de Sence.<\/strong><\/p>\n\n\n\n<p>El total de ocupados en la Regi\u00f3n se estima en 360.659 personas. Situ\u00e1ndose en 6,8 pp. la brecha en este trimestre.<\/p>\n\n\n\n<p>NIVEL EDUCACIONAL<\/p>\n\n\n\n<p>En cuanto al empleo por nivel educacional se registra que; quienes tienen estudios b\u00e1sicos incompletos o menos alcanzan un 26,9% en la ocupaci\u00f3n; estudios superiores t\u00e9cnicos completos con un 68,6%; y finalmente quienes tienen estudios profesionales alcanzaron un 73,7%.<\/p>\n\n\n\n<p>\u201c<em>Como SENCE, estamos trabajando fuertemente en seguir mejorando las cifras. Para eso estamos enfocando los programas de capacitaci\u00f3n en la demanda laboral que existe en La Regi\u00f3n de Los Lagos y vincul\u00e1ndonos con los distintos sectores productivos. Creando una carta de navegaci\u00f3n clara, con los estudios realizados por nuestro observatorio laboral, donde nos estamos ocupando en generar capacitaciones con pertinencia local y que nuestros usuarios\/as cuenten con ofertas laborales y una correcta intermediaci\u00f3n laboral, a trav\u00e9s de nuestro programa FOMIL, que permite atender las necesidades laborales en cada comuna de la regi\u00f3n.\u201d<\/em>&nbsp; Se\u00f1alo&nbsp;<strong>Mauricio Toro Rojas, director regional de SENCE<\/strong>.<\/p>\n\n\n\n<p>DESOCUPADOS E INACTIVIDAD<\/p>\n\n\n\n<p>El total de desocupados en el trimestre Abr-Jun 2023 fue de 16.631 personas y la tasa de desocupaci\u00f3n regional se sit\u00faa en 4,4%.<\/p>\n\n\n\n<p>Por otro lado, la tasa de desocupaci\u00f3n de las mujeres es de un 6,3% y la de los hombres de un 3,0%.&nbsp;<\/p>\n\n\n\n<p>Finalmente, el Term\u00f3metro Laboral muestra que la tasa de inactividad regional es de 48,9%. Al comparar esta cifra con el mismo trimestre de a\u00f1os anteriores, la actual tasa de inactividad es la m\u00e1s baja desde el 2020. Para conocer m\u00e1s cifras y detalles sobre el panorama laboral en la regi\u00f3n de Los Lagos los interesados pueden acceder al reporte en la p\u00e1gina web:&nbsp;<a href=\"http:\/\/www.observatorionacional.cl\/\" target=\"_blank\" rel=\"noreferrer noopener\">www.observatorionacional.cl<\/a><\/p>\n","protected":false},"excerpt":{"rendered":"<p>Comparado con el 2022 destacan el crecimiento de la ocupaci\u00f3n en cuatro sectores: Silvoagropecuario y Pesca (12,9%); Transporte y Almacenamiento (7,8%); Servicios Sociales y Personales (6,9%); y Comercio (6,4%).<\/p>\n","protected":false},"author":1,"featured_media":14202,"comment_status":"closed","ping_status":"closed","sticky":false,"template":"","format":"standard","meta":{"footnotes":""},"categories":[3,12,11],"tags":[337,273,132,113,247,133,297],"class_list":["post-14201","post","type-post","status-publish","format-standard","has-post-thumbnail","hentry","category-al-dia","category-economia","category-educacion","tag-informacion","tag-noticias","tag-osorno","tag-puerto-montt","tag-region-de-los-lagos","tag-semanario-local","tag-universidad-de-los-lagos"],"_links":{"self":[{"href":"https:\/\/www.semanariolocal.cl\/index.php?rest_route=\/wp\/v2\/posts\/14201","targetHints":{"allow":["GET"]}}],"collection":[{"href":"https:\/\/www.semanariolocal.cl\/index.php?rest_route=\/wp\/v2\/posts"}],"about":[{"href":"https:\/\/www.semanariolocal.cl\/index.php?rest_route=\/wp\/v2\/types\/post"}],"author":[{"embeddable":true,"href":"https:\/\/www.semanariolocal.cl\/index.php?rest_route=\/wp\/v2\/users\/1"}],"replies":[{"embeddable":true,"href":"https:\/\/www.semanariolocal.cl\/index.php?rest_route=%2Fwp%2Fv2%2Fcomments&post=14201"}],"version-history":[{"count":1,"href":"https:\/\/www.semanariolocal.cl\/index.php?rest_route=\/wp\/v2\/posts\/14201\/revisions"}],"predecessor-version":[{"id":14203,"href":"https:\/\/www.semanariolocal.cl\/index.php?rest_route=\/wp\/v2\/posts\/14201\/revisions\/14203"}],"wp:featuredmedia":[{"embeddable":true,"href":"https:\/\/www.semanariolocal.cl\/index.php?rest_route=\/wp\/v2\/media\/14202"}],"wp:attachment":[{"href":"https:\/\/www.semanariolocal.cl\/index.php?rest_route=%2Fwp%2Fv2%2Fmedia&parent=14201"}],"wp:term":[{"taxonomy":"category","embeddable":true,"href":"https:\/\/www.semanariolocal.cl\/index.php?rest_route=%2Fwp%2Fv2%2Fcategories&post=14201"},{"taxonomy":"post_tag","embeddable":true,"href":"https:\/\/www.semanariolocal.cl\/index.php?rest_route=%2Fwp%2Fv2%2Ftags&post=14201"}],"curies":[{"name":"wp","href":"https:\/\/api.w.org\/{rel}","templated":true}]}}