{"id":14198,"date":"2023-08-17T20:33:06","date_gmt":"2023-08-18T00:33:06","guid":{"rendered":"https:\/\/www.semanariolocal.cl\/?p=14198"},"modified":"2023-08-17T20:33:07","modified_gmt":"2023-08-18T00:33:07","slug":"diputado-manouchehri-menciona-casos-convenios-vinculados-a-la-derecha","status":"publish","type":"post","link":"https:\/\/www.semanariolocal.cl\/?p=14198","title":{"rendered":"Diputado Manouchehri menciona \u201ccasos convenios\u201d vinculados a la derecha"},"content":{"rendered":"\n<p>Durante un panel pol\u00edtico de un matinal de televisi\u00f3n abierta, el diputado socialista Daniel Manouchehri denunci\u00f3 al aire m\u00faltiples casos de convenios de autoridades ligadas a la derecha con fundaciones y otros entes, que datan desde el a\u00f1o 2021.<\/p>\n\n\n\n<p>\u201cAqu\u00ed hay que ser bien realistas y decirlo con todas sus letras, en este \u2018caso fundaciones\u2019 hay (denuncias) de todos los colores pol\u00edticos involucrados. La corrupci\u00f3n no tiene color pol\u00edtico y tenemos que afrontarla con seriedad, caiga quien caiga, venga de donde venga\u201d, indic\u00f3 el legislador por la Regi\u00f3n de Coquimbo.<\/p>\n\n\n\n<p>En esa l\u00ednea, Manouchehri se\u00f1al\u00f3 algunos ejemplos de convenios relacionados a personeros de oposici\u00f3n. \u201cEn la Araucan\u00eda, el gobernador Luciano Rivas de Evopoli, cercano a Republicanos, entreg\u00f3 a la Fundaci\u00f3n Local de su amigo H\u00e9ctor Troncoso 2.113 millones de pesos. El mismo gobernador, a la Fundaci\u00f3n Coig\u00fce, 400 millones, donde su presidente era Claudia Lillo, ex candidata (a diputada) de Chile Vamos\u201d.<\/p>\n\n\n\n<p>\u201cEn Atacama, el 2021, el Gobierno de Pi\u00f1era entreg\u00f3 recursos a la Fundaci\u00f3n Atacama Sue\u00f1os, donde su directora es Marisel Tapia, c\u00f3nyuge de Crescencio L\u00f3pez de la UDI, quien era jefe de gabinete del seremi de Cultura. En Los Lagos, Fundaci\u00f3n Kim\u00fcn, presidente Juan Huincahue designado por Pi\u00f1era como consejero de la Conadi. En O\u2019Higgins, Arquiduc, presidente Carlos Acu\u00f1a de Renovaci\u00f3n Nacional, funcionario de Pi\u00f1era, recibi\u00f3 m\u00e1s de 100 millones de la serem\u00eda (a cargo) de Evopoli. Tarapac\u00e1, Enlace Urbano, seremi de Pi\u00f1era se le traspasa durante su gobierno 559 millones de pesos. EnRed, durante el Gobierno de Pi\u00f1era, el 2021 suscribi\u00f3 seis convenios por 340 millones\u201d, agreg\u00f3.<\/p>\n\n\n\n<p>Al cierre de su intervenci\u00f3n en el panel, Manouchehri record\u00f3 la presentaci\u00f3n de un proyecto de ley, junto a la diputada del PS Daniella Cicardini, denominado \u201cFundaciones Transparentes\u201d. La moci\u00f3n&nbsp;contempla modificar la ley 20.500 sobre Asociaciones y participaci\u00f3n ciudadana, estableciendo&nbsp;obligaciones que deber\u00e1n cumplir las organizaciones a&nbsp;fin de garantizar el buen uso y destino de los recursos p\u00fablicos que perciban.<\/p>\n","protected":false},"excerpt":{"rendered":"<p>\u201cLa corrupci\u00f3n no tiene color pol\u00edtico y tenemos afrontarla con seriedad, caiga quien caiga, venga de donde venga\u201d, indic\u00f3 el legislador.<\/p>\n","protected":false},"author":1,"featured_media":14199,"comment_status":"closed","ping_status":"closed","sticky":false,"template":"","format":"standard","meta":{"footnotes":""},"categories":[3],"tags":[337,273,132,247,133],"class_list":["post-14198","post","type-post","status-publish","format-standard","has-post-thumbnail","hentry","category-al-dia","tag-informacion","tag-noticias","tag-osorno","tag-region-de-los-lagos","tag-semanario-local"],"_links":{"self":[{"href":"https:\/\/www.semanariolocal.cl\/index.php?rest_route=\/wp\/v2\/posts\/14198","targetHints":{"allow":["GET"]}}],"collection":[{"href":"https:\/\/www.semanariolocal.cl\/index.php?rest_route=\/wp\/v2\/posts"}],"about":[{"href":"https:\/\/www.semanariolocal.cl\/index.php?rest_route=\/wp\/v2\/types\/post"}],"author":[{"embeddable":true,"href":"https:\/\/www.semanariolocal.cl\/index.php?rest_route=\/wp\/v2\/users\/1"}],"replies":[{"embeddable":true,"href":"https:\/\/www.semanariolocal.cl\/index.php?rest_route=%2Fwp%2Fv2%2Fcomments&post=14198"}],"version-history":[{"count":1,"href":"https:\/\/www.semanariolocal.cl\/index.php?rest_route=\/wp\/v2\/posts\/14198\/revisions"}],"predecessor-version":[{"id":14200,"href":"https:\/\/www.semanariolocal.cl\/index.php?rest_route=\/wp\/v2\/posts\/14198\/revisions\/14200"}],"wp:featuredmedia":[{"embeddable":true,"href":"https:\/\/www.semanariolocal.cl\/index.php?rest_route=\/wp\/v2\/media\/14199"}],"wp:attachment":[{"href":"https:\/\/www.semanariolocal.cl\/index.php?rest_route=%2Fwp%2Fv2%2Fmedia&parent=14198"}],"wp:term":[{"taxonomy":"category","embeddable":true,"href":"https:\/\/www.semanariolocal.cl\/index.php?rest_route=%2Fwp%2Fv2%2Fcategories&post=14198"},{"taxonomy":"post_tag","embeddable":true,"href":"https:\/\/www.semanariolocal.cl\/index.php?rest_route=%2Fwp%2Fv2%2Ftags&post=14198"}],"curies":[{"name":"wp","href":"https:\/\/api.w.org\/{rel}","templated":true}]}}