{"id":14195,"date":"2023-08-17T20:26:54","date_gmt":"2023-08-18T00:26:54","guid":{"rendered":"https:\/\/www.semanariolocal.cl\/?p=14195"},"modified":"2023-08-17T20:26:55","modified_gmt":"2023-08-18T00:26:55","slug":"core-los-lagos-aprobo-mas-de-14-mil-millones-en-proyectos-y-programas-para-la-region","status":"publish","type":"post","link":"https:\/\/www.semanariolocal.cl\/?p=14195","title":{"rendered":"CORE Los Lagos aprob\u00f3 m\u00e1s de $14 mil millones en proyectos y programas para la regi\u00f3n"},"content":{"rendered":"\n<p>Tras dos d\u00edas de trabajo en la comuna de Quemchi, el Consejo Regional de Los Lagos, junto al Gobernador Patricio Vallespin, aprobaron m\u00e1s de 14 mil millones de pesos, en beneficio de los habitantes del territorio regional.<\/p>\n\n\n\n<p>En el detalle, dentro de las aprobaciones m\u00e1s aplaudidas, est\u00e1n las relacionadas a la salud. En materia de programas se aprobaron m\u00e1s de 3 mil 493 millones de pesos, principalmente para disminuir las listas de espera.<\/p>\n\n\n\n<p>Asimismo, se aprob\u00f3 un banco de proyectos para diferentes comunas de la regi\u00f3n de Los Lagos donde, en el desglose por provincia, se observa que para Osorno se dio el visto bueno al monto de 1.675 millones de pesos para Osorno; 6.635 millones para Llanquihue; 1.538 millones para Chilo\u00e9; 63 millones para Palena; y 219 millones para proyectos de \u00edndole regional. En este banco de proyectos se resalta el apoyo para postas de salud rural, sistemas de agua potable rural y reparaci\u00f3n de caminos.<\/p>\n\n\n\n<p>En la misma instancia, se destac\u00f3 la aprobaci\u00f3n de recursos para proyectos como el \u201cMejoramiento complejo deportivo Rahue Alto, Osorno\u201d; la \u201cHabilitaci\u00f3n y Mejoramiento Estadio Municipal de Quemchi\u201d; la \u201cReposici\u00f3n Hospeder\u00eda Hogar de Cristo, Osorno\u201d; la \u201cConstrucci\u00f3n APR Sectores Cuesta La Vaca y Huatrunes, Los Muermos\u201d; entre otros.<\/p>\n\n\n\n<p>El Gobernador Vallespin, expuso que&nbsp;<em>\u201chemos terminado el Consejo Regional en Quemchi con una importante aprobaci\u00f3n de recursos con foco en salud, Postas rurales para distintas provincias de la regi\u00f3n. 1.900 millones que van a salir de las listas de esperas, construidas desde cada provincia en los principales problemas de salud y en cada provincia programas para enfrentar la prevenci\u00f3n del c\u00e1ncer de mayor ocurrencia en cada territorio. As\u00ed que feliz de seguir trabajando en la l\u00ednea de crear regi\u00f3n y cuidar regi\u00f3n\u201d.<\/em><\/p>\n\n\n\n<p>El presidente de la Comisi\u00f3n Provincial Osorno del Core Los Lagos, Jos\u00e9 Luis Mu\u00f1oz, expres\u00f3 que&nbsp;<em>\u201clogramos aprobar varias iniciativas para la regi\u00f3n de Los Lagos. Gran parte de las iniciativas son parte del banco de proyectos que se decidi\u00f3 en t\u00e9rminos de gesti\u00f3n a partir del presente a\u00f1o. Y esta cartera de proyectos en definitiva es incorporar nuevas iniciativas de inversi\u00f3n p\u00fablica al presupuesto 2023\u201d.<\/em><\/p>\n\n\n\n<p>El presidente de la Comisi\u00f3n Llanquihue, C\u00e9sar Negr\u00f3n, se\u00f1al\u00f3&nbsp;<em>que \u201cestamos muy contentos porque se ha ratificado ac\u00e1 en el plenario la aprobaci\u00f3n de todas las iniciativas que nosotros como comisi\u00f3n aprobamos. M\u00e1s de 5 mil millones de pesos que van a beneficiar a muchas personas en distintas comunas de la provincia\u201d.<\/em><\/p>\n\n\n\n<p>Mientras que el presidente de la Comisi\u00f3n Provincial Chilo\u00e9, Francisco C\u00e1rcamo, mencion\u00f3 que&nbsp;<em>\u201cse ha marcado un hito en la inversi\u00f3n p\u00fablica, en el sentido de aprobar proyectos y programas que van a ir en beneficio directo de nuestra ciudadan\u00eda, sobre todo programas de impacto en el \u00e1mbito social, pero con una mirada hacia un tema de salud que es transversal, principalmente en dos programas espec\u00edficos que ha desarrollado el Servicio de Salud Chilo\u00e9, pero el gobierno regional ha dispuesto los recursos\u201d.<\/em><\/p>\n\n\n\n<p>En tanto, el presidente de la Comisi\u00f3n Palena, Roberto Soto, indic\u00f3 que<em>&nbsp;\u201cnos hemos trasladado hasta la comuna de Quemchi, justamente para poder abordar una serie de proyectos que tienen que ver con la regi\u00f3n. Una de las cosas interesantes que se dio en esta sesi\u00f3n es que va a haber una disposici\u00f3n presupuestaria para poder abordar una serie de iniciativas que tienen que ver con el \u00e1mbito regional\u201d.<\/em><\/p>\n","protected":false},"excerpt":{"rendered":"<p>Los 20 Consejeros Regionales presididos por el Gobernador Vallespin sesionaron en Quemchi.<\/p>\n","protected":false},"author":1,"featured_media":14196,"comment_status":"closed","ping_status":"closed","sticky":false,"template":"","format":"standard","meta":{"footnotes":""},"categories":[3],"tags":[337,273,132,247,133],"class_list":["post-14195","post","type-post","status-publish","format-standard","has-post-thumbnail","hentry","category-al-dia","tag-informacion","tag-noticias","tag-osorno","tag-region-de-los-lagos","tag-semanario-local"],"_links":{"self":[{"href":"https:\/\/www.semanariolocal.cl\/index.php?rest_route=\/wp\/v2\/posts\/14195","targetHints":{"allow":["GET"]}}],"collection":[{"href":"https:\/\/www.semanariolocal.cl\/index.php?rest_route=\/wp\/v2\/posts"}],"about":[{"href":"https:\/\/www.semanariolocal.cl\/index.php?rest_route=\/wp\/v2\/types\/post"}],"author":[{"embeddable":true,"href":"https:\/\/www.semanariolocal.cl\/index.php?rest_route=\/wp\/v2\/users\/1"}],"replies":[{"embeddable":true,"href":"https:\/\/www.semanariolocal.cl\/index.php?rest_route=%2Fwp%2Fv2%2Fcomments&post=14195"}],"version-history":[{"count":1,"href":"https:\/\/www.semanariolocal.cl\/index.php?rest_route=\/wp\/v2\/posts\/14195\/revisions"}],"predecessor-version":[{"id":14197,"href":"https:\/\/www.semanariolocal.cl\/index.php?rest_route=\/wp\/v2\/posts\/14195\/revisions\/14197"}],"wp:featuredmedia":[{"embeddable":true,"href":"https:\/\/www.semanariolocal.cl\/index.php?rest_route=\/wp\/v2\/media\/14196"}],"wp:attachment":[{"href":"https:\/\/www.semanariolocal.cl\/index.php?rest_route=%2Fwp%2Fv2%2Fmedia&parent=14195"}],"wp:term":[{"taxonomy":"category","embeddable":true,"href":"https:\/\/www.semanariolocal.cl\/index.php?rest_route=%2Fwp%2Fv2%2Fcategories&post=14195"},{"taxonomy":"post_tag","embeddable":true,"href":"https:\/\/www.semanariolocal.cl\/index.php?rest_route=%2Fwp%2Fv2%2Ftags&post=14195"}],"curies":[{"name":"wp","href":"https:\/\/api.w.org\/{rel}","templated":true}]}}