{"id":14180,"date":"2023-08-17T11:47:14","date_gmt":"2023-08-17T15:47:14","guid":{"rendered":"https:\/\/www.semanariolocal.cl\/?p=14180"},"modified":"2023-08-17T11:53:25","modified_gmt":"2023-08-17T15:53:25","slug":"deprov-osorno-inyecta-millonarios-recursos-para-rescatar-alumnos-desertores-del-sistema-escolar","status":"publish","type":"post","link":"https:\/\/www.semanariolocal.cl\/?p=14180","title":{"rendered":"DEPROV Osorno inyecta millonarios recursos para rescatar alumnos desertores del sistema escolar."},"content":{"rendered":"\n<p>Este mi\u00e9rcoles 16 de agosto en dependencia del departamento provincial de Educaci\u00f3n se concreto el lanzamiento de eje N\u00famero 3 del Plan Nacional de Reactivaci\u00f3n Educativa para la provincia de Osorno. Instancia en que se oficializo la transferencia de m\u00e1s de 105 millones de pesos a los Daem que permita la contrataci\u00f3n &nbsp;de profesionales que tiene por objetivo desplegar esfuerzos para revincular a los estudiante que han desertado del sistema educativo o que presentan altas inasistencias.<\/p>\n\n\n<div class=\"wp-block-image\">\n<figure class=\"alignleft size-large is-resized\"><img loading=\"lazy\" decoding=\"async\" src=\"https:\/\/www.semanariolocal.cl\/wp-content\/uploads\/2023\/08\/edu2-513x600.jpg\" alt=\"\" class=\"wp-image-14182\" style=\"width:298px;height:348px\" width=\"298\" height=\"348\" srcset=\"https:\/\/www.semanariolocal.cl\/wp-content\/uploads\/2023\/08\/edu2-513x600.jpg 513w, https:\/\/www.semanariolocal.cl\/wp-content\/uploads\/2023\/08\/edu2-257x300.jpg 257w, https:\/\/www.semanariolocal.cl\/wp-content\/uploads\/2023\/08\/edu2-768x898.jpg 768w, https:\/\/www.semanariolocal.cl\/wp-content\/uploads\/2023\/08\/edu2.jpg 924w\" sizes=\"auto, (max-width: 298px) 100vw, 298px\" \/><\/figure>\n<\/div>\n\n\n<p>Giovanni Aravena Director provincial de Educaci\u00f3n indic\u00f3 que el <strong><mark style=\"background-color:rgba(0, 0, 0, 0)\" class=\"has-inline-color has-vivid-purple-color\"><a href=\"https:\/\/www.mineduc.cl\/plan-de-reactivacion-educativa-2023\/\">Plan de Reactivaci\u00f3n Educativa 2023<\/a>\u00a0<\/mark><\/strong>apunta a tres \u00e1mbitos clave, que son la asistencia y revinculaci\u00f3n de los estudiantes excluidos del sistema; el fortalecimiento de aprendizajes y condiciones para la ense\u00f1anza; y la convivencia y salud mental de las comunidades educativas.<\/p>\n\n\n\n<p>La tercera medida que es la que se esta iniciando hoy d\u00edas es la conformaci\u00f3n de&nbsp;equipos territoriales para la asistencia y revinculaci\u00f3n. Un hecho que a nivel pa\u00eds convoca a mas de &nbsp;1.300 profesionales y gestores que buscar\u00e1n y traer\u00e1n de vuelta a las salas de clases a las y los estudiantes que se han visto excluidos. Esta acci\u00f3n se suma a los reportes peri\u00f3dicos que seguir\u00e1 entregando el Mineduc con informaci\u00f3n personalizada de estudiantes excluidos del sistema y en riesgo de exclusi\u00f3n<\/p>\n\n\n\n<p>La actividad en Osorno congreg\u00f3 a los jefe t\u00e9cnicos de DAEM de la provincia a quienes se les entregaron las orientaciones t\u00e9cnicas para la disposici\u00f3n de los recursos y la conformaci\u00f3n de los respectivos equipos que se abocar\u00e1n a traer de vuelta a quienes por distintas causas se han alejado del sistema escolar en la provincia.<\/p>\n\n\n\n<figure class=\"wp-block-embed is-type-video is-provider-youtube wp-block-embed-youtube wp-embed-aspect-16-9 wp-has-aspect-ratio\"><div class=\"wp-block-embed__wrapper\">\n<ul class=\"bxslider-vid\"><li><iframe loading=\"lazy\" title=\"DEPROV Osorno asigna recursos para enfrentar abandono del sistema escolar\" width=\"1778\" height=\"1000\" src=\"https:\/\/www.youtube.com\/embed\/5qHyP2XaogU?feature=oembed\" frameborder=\"0\" allow=\"accelerometer; autoplay; clipboard-write; encrypted-media; gyroscope; picture-in-picture; web-share\" allowfullscreen><\/iframe><\/li><\/ul>\n<\/div><\/figure>\n","protected":false},"excerpt":{"rendered":"<p>Este trabajo -realizado en articulaci\u00f3n con las municipalidades, servicios p\u00fablicos y organizaciones sociales- permitir\u00e1 ir a buscar a estudiantes que han abandonado las escuelas y a aquellos con inasistencia cr\u00f3nica, y promover en las familias y comunidades una mayor concientizaci\u00f3n sobre los efectos de la inasistencia y la exclusi\u00f3n escolar.<\/p>\n","protected":false},"author":1,"featured_media":14181,"comment_status":"closed","ping_status":"closed","sticky":false,"template":"","format":"standard","meta":{"footnotes":""},"categories":[3,11],"tags":[337,273,132,247,133],"class_list":["post-14180","post","type-post","status-publish","format-standard","has-post-thumbnail","hentry","category-al-dia","category-educacion","tag-informacion","tag-noticias","tag-osorno","tag-region-de-los-lagos","tag-semanario-local"],"_links":{"self":[{"href":"https:\/\/www.semanariolocal.cl\/index.php?rest_route=\/wp\/v2\/posts\/14180","targetHints":{"allow":["GET"]}}],"collection":[{"href":"https:\/\/www.semanariolocal.cl\/index.php?rest_route=\/wp\/v2\/posts"}],"about":[{"href":"https:\/\/www.semanariolocal.cl\/index.php?rest_route=\/wp\/v2\/types\/post"}],"author":[{"embeddable":true,"href":"https:\/\/www.semanariolocal.cl\/index.php?rest_route=\/wp\/v2\/users\/1"}],"replies":[{"embeddable":true,"href":"https:\/\/www.semanariolocal.cl\/index.php?rest_route=%2Fwp%2Fv2%2Fcomments&post=14180"}],"version-history":[{"count":3,"href":"https:\/\/www.semanariolocal.cl\/index.php?rest_route=\/wp\/v2\/posts\/14180\/revisions"}],"predecessor-version":[{"id":14186,"href":"https:\/\/www.semanariolocal.cl\/index.php?rest_route=\/wp\/v2\/posts\/14180\/revisions\/14186"}],"wp:featuredmedia":[{"embeddable":true,"href":"https:\/\/www.semanariolocal.cl\/index.php?rest_route=\/wp\/v2\/media\/14181"}],"wp:attachment":[{"href":"https:\/\/www.semanariolocal.cl\/index.php?rest_route=%2Fwp%2Fv2%2Fmedia&parent=14180"}],"wp:term":[{"taxonomy":"category","embeddable":true,"href":"https:\/\/www.semanariolocal.cl\/index.php?rest_route=%2Fwp%2Fv2%2Fcategories&post=14180"},{"taxonomy":"post_tag","embeddable":true,"href":"https:\/\/www.semanariolocal.cl\/index.php?rest_route=%2Fwp%2Fv2%2Ftags&post=14180"}],"curies":[{"name":"wp","href":"https:\/\/api.w.org\/{rel}","templated":true}]}}