{"id":14142,"date":"2023-08-16T07:55:00","date_gmt":"2023-08-16T11:55:00","guid":{"rendered":"https:\/\/www.semanariolocal.cl\/?p=14142"},"modified":"2023-08-16T22:25:52","modified_gmt":"2023-08-17T02:25:52","slug":"fundacion-familias-power-analiza-las-brechas-de-palabras-en-el-desarrollo-cerebral","status":"publish","type":"post","link":"https:\/\/www.semanariolocal.cl\/?p=14142","title":{"rendered":"Fundaci\u00f3n Familias Power analiza las brechas de palabras en el desarrollo cerebral"},"content":{"rendered":"\n<p>Seg\u00fan se ha observado, una proporci\u00f3n importante de ni\u00f1os de sectores vulnerables de Chile no alcanza un ambiente ling\u00fc\u00edstico adecuado en sus hogares para lograr un \u00f3ptimo desarrollo cerebral en su etapa preescolar. Esto es preocupante ya que la conversaci\u00f3n interactiva &#8211; en concreto, la conversaci\u00f3n de ida y vuelta &#8211; es un factor clave para el desarrollo del cerebro y del lenguaje en la primera infancia y es un predictor de futuras trayectorias educativas.<\/p>\n\n\n\n<p>Esto va en l\u00ednea con influyentes informes que indican que ni\u00f1os que crecen en hogares con un nivel socioecon\u00f3mico bajo han escuchado 30 millones de palabras menos que sus compa\u00f1eros de clase con mayores recursos. Tambi\u00e9n se ha demostrado una influencia de la exposici\u00f3n temprana al lenguaje en la capacidad posterior del lenguaje.<\/p>\n\n\n\n<p>En este contexto y tambi\u00e9n con motivo del mes de la ni\u00f1ez, casi 2000 familias a lo largo de Chile ser\u00e1n parte del programa denominado La Platograf\u00eda, el que justamente busca impulsar los espacios de conversaci\u00f3n en familia.&nbsp;La iniciativa, liderada por Fundaci\u00f3n Familias Power y la empresa Caleta Bay, contempla la entrega gratuita del libro de La Platograf\u00eda, el cual contiene ilustraciones y mensajes creados por artistas chilenos, para que ni\u00f1os y ni\u00f1as pinten y aprendan, de forma simple y divertida, sobre la sostenibilidad.<\/p>\n\n\n\n<p>Junto con ello, se les entregar\u00e1n 6 platos para que dibujen lo que sientan pertinente en torno a la familia, educaci\u00f3n, buenas pr\u00e1cticas. Luego, se invitar\u00e1 a que cada familia en una cena familiar vaya descubriendo los mensajes que se contengan cada plato. La idea es hacer de la cena un espacio en familia, de conversaci\u00f3n, en torno a los valores que van descubriendo en sus platos.<\/p>\n\n\n\n<p>\u201cHacemos una celebraci\u00f3n que comprenda el mes completo como modo de realzar los momentos familiares, siendo la mesa el espacio m\u00e1s importante para comunicarse y hacer familia. Tambi\u00e9n es un llamado a que toda la familia, sus integrantes, visibilicemos a los ni\u00f1os de manera preferente y no s\u00f3lo el d\u00eda en que comercialmente se celebra la ni\u00f1ez\u201d, explica Anne Traub, directora ejecutiva de la Fundaci\u00f3n Familias Power.<\/p>\n\n\n\n<p>Esta actividad cuenta con el apoyo del sector privado lo que ha permitido incorporar tambi\u00e9n 20 premios para las familias participantes los que incluye tres computadores reciclados, sets de Imanix, mochilas con contenido educativo y 10 premios de 2kg de trucha congelada para compartir en familia.<\/p>\n\n\n\n<p>La Fundaci\u00f3n Familias Power, creada en 2016 por la abogada Anne Traub y Mat\u00edas Claro, tiene como objetivo impulsar comunidades m\u00e1s cohesionadas, con una preocupaci\u00f3n especial por la ense\u00f1anza en la primera infancia y tambi\u00e9n por la autonom\u00eda financiera de las mujeres. A la fecha, la FFP es el programa de sesiones personalizadas en primera infancia m\u00e1s grande de Chile, llegando a m\u00e1s de 3 mil familias en 10 regiones a nivel nacional.&nbsp;<\/p>\n","protected":false},"excerpt":{"rendered":"<p>La Platograf\u00eda, iniciativa de Fundaci\u00f3n Familias Power y la empresa Caleta Bay, busca impulsar m\u00e1s espacios de conversaci\u00f3n en familia en un contexto en que casi la mitad de la primera infancia de sectores vulnerables no alcanza un ambiente ling\u00fc\u00edstico adecuado.<\/p>\n","protected":false},"author":1,"featured_media":14143,"comment_status":"closed","ping_status":"closed","sticky":false,"template":"","format":"standard","meta":{"footnotes":""},"categories":[3],"tags":[337,273,132,247,133],"class_list":["post-14142","post","type-post","status-publish","format-standard","has-post-thumbnail","hentry","category-al-dia","tag-informacion","tag-noticias","tag-osorno","tag-region-de-los-lagos","tag-semanario-local"],"_links":{"self":[{"href":"https:\/\/www.semanariolocal.cl\/index.php?rest_route=\/wp\/v2\/posts\/14142","targetHints":{"allow":["GET"]}}],"collection":[{"href":"https:\/\/www.semanariolocal.cl\/index.php?rest_route=\/wp\/v2\/posts"}],"about":[{"href":"https:\/\/www.semanariolocal.cl\/index.php?rest_route=\/wp\/v2\/types\/post"}],"author":[{"embeddable":true,"href":"https:\/\/www.semanariolocal.cl\/index.php?rest_route=\/wp\/v2\/users\/1"}],"replies":[{"embeddable":true,"href":"https:\/\/www.semanariolocal.cl\/index.php?rest_route=%2Fwp%2Fv2%2Fcomments&post=14142"}],"version-history":[{"count":1,"href":"https:\/\/www.semanariolocal.cl\/index.php?rest_route=\/wp\/v2\/posts\/14142\/revisions"}],"predecessor-version":[{"id":14144,"href":"https:\/\/www.semanariolocal.cl\/index.php?rest_route=\/wp\/v2\/posts\/14142\/revisions\/14144"}],"wp:featuredmedia":[{"embeddable":true,"href":"https:\/\/www.semanariolocal.cl\/index.php?rest_route=\/wp\/v2\/media\/14143"}],"wp:attachment":[{"href":"https:\/\/www.semanariolocal.cl\/index.php?rest_route=%2Fwp%2Fv2%2Fmedia&parent=14142"}],"wp:term":[{"taxonomy":"category","embeddable":true,"href":"https:\/\/www.semanariolocal.cl\/index.php?rest_route=%2Fwp%2Fv2%2Fcategories&post=14142"},{"taxonomy":"post_tag","embeddable":true,"href":"https:\/\/www.semanariolocal.cl\/index.php?rest_route=%2Fwp%2Fv2%2Ftags&post=14142"}],"curies":[{"name":"wp","href":"https:\/\/api.w.org\/{rel}","templated":true}]}}