{"id":14139,"date":"2023-08-16T08:00:00","date_gmt":"2023-08-16T12:00:00","guid":{"rendered":"https:\/\/www.semanariolocal.cl\/?p=14139"},"modified":"2023-08-16T22:07:52","modified_gmt":"2023-08-17T02:07:52","slug":"se-extiende-plazo-de-postulacion-a-fondo-con-100-millones-para-emprendimientos-provinciales","status":"publish","type":"post","link":"https:\/\/www.semanariolocal.cl\/?p=14139","title":{"rendered":"Se extiende plazo de postulaci\u00f3n a fondo con 100 millones para emprendimientos provinciales"},"content":{"rendered":"\n<p>Debido a la extensa difusi\u00f3n del programa en las distintas comunas y a las dudas producidas para la postulaci\u00f3n es que se extendi\u00f3 el plazo de inscripci\u00f3n al programa \u201cOsorno Despega\u201d, iniciativa impulsada por el Gobierno Regional de Los Lagos (GORE), ejecutada por la Universidad San Sebasti\u00e1n (USS) y coejecutada por el Grupo Imagine, que busca desarrollar las capacidades empresariales y asociativas de 50 productores y emprendedores de la Provincia de Osorno, espec\u00edficamente del sector silvo-agropecuario.<\/p>\n\n\n\n<p>Esto lo explic\u00f3 la l\u00edder de Ejecuci\u00f3n de Programas del grupo Imagine, Ana Mar\u00eda Vigoya, quien se\u00f1al\u00f3 que debido a que muchos de los participantes no son tan afines a la tecnolog\u00eda o a\u00fan tienen dudas sobre su postulaci\u00f3n, se ampli\u00f3 la fecha hasta el 18 de agosto para postular, por lo que \u201clos seguimos invitando a que participen, a que nos pregunten y consulten sobre el impacto que tiene el fondo, donde todas las PyMEs silvo-agropecuarias pueden participar de \u00e9l\u201d.<\/p>\n\n\n\n<p>En esa l\u00ednea, el jefe de proyecto de terreno del programa Osorno Despega por parte de la USS, Agust\u00edn Rivero, especific\u00f3 que el perfil de emprendedores en el que se orienta el programa \u201cse basa en todos los peque\u00f1os empresarios y productores de la provincia de Osorno que se encuentren formalizados y que pertenecer a la industria silvoagropecuaria\u201d, detallando que dentro de esto se considera el etnoturismo y el turismo rural.<\/p>\n\n\n\n<h3 class=\"wp-block-heading\">Osorno Despega<\/h3>\n\n\n\n<p>El programa busca desarrollar las capacidades empresariales y asociativas de 50 productores y emprendedores locales y disponer de un fondo de aceleraci\u00f3n de hasta $4.000.000 para las 20 a 25 empresas con mayor potencial, buscando transferir conocimiento a trav\u00e9s de una malla de formaci\u00f3n transversal en las \u00e1reas empresariales para apoyar los planes de crecimiento y aceleraci\u00f3n de algunos modelos de negocios de estas PYMEs.<\/p>\n\n\n\n<p>De acuerdo a Vigoya, el objetivo final es \u201cgenerar un impacto real y medible dentro de la provincia, esperando que todas las comunas tengan representantes potenciales para que se puede ver ese cambio de paradigma en el que no todos los recursos se quedan en Osorno, sino que todas las comunas rurales est\u00e1n participando y se les est\u00e1n dando las mismas herramientas y oportunidades\u201d.<\/p>\n\n\n\n<p>Bases y link de postulaci\u00f3n aqu\u00ed <a href=\"https:\/\/linktr.ee\/osornodespega\">https:\/\/linktr.ee\/osornodespega<\/a>&nbsp;<\/p>\n","protected":false},"excerpt":{"rendered":"<p>Hasta el 18 de agosto est\u00e1n abiertas las postulaciones al programa orientado en emprendedores y PyMEs del sector silvo-agropecuario de las comunas de Osorno.<\/p>\n","protected":false},"author":1,"featured_media":14140,"comment_status":"closed","ping_status":"closed","sticky":false,"template":"","format":"standard","meta":{"footnotes":""},"categories":[3],"tags":[337,273,132,247,133],"class_list":["post-14139","post","type-post","status-publish","format-standard","has-post-thumbnail","hentry","category-al-dia","tag-informacion","tag-noticias","tag-osorno","tag-region-de-los-lagos","tag-semanario-local"],"_links":{"self":[{"href":"https:\/\/www.semanariolocal.cl\/index.php?rest_route=\/wp\/v2\/posts\/14139","targetHints":{"allow":["GET"]}}],"collection":[{"href":"https:\/\/www.semanariolocal.cl\/index.php?rest_route=\/wp\/v2\/posts"}],"about":[{"href":"https:\/\/www.semanariolocal.cl\/index.php?rest_route=\/wp\/v2\/types\/post"}],"author":[{"embeddable":true,"href":"https:\/\/www.semanariolocal.cl\/index.php?rest_route=\/wp\/v2\/users\/1"}],"replies":[{"embeddable":true,"href":"https:\/\/www.semanariolocal.cl\/index.php?rest_route=%2Fwp%2Fv2%2Fcomments&post=14139"}],"version-history":[{"count":1,"href":"https:\/\/www.semanariolocal.cl\/index.php?rest_route=\/wp\/v2\/posts\/14139\/revisions"}],"predecessor-version":[{"id":14141,"href":"https:\/\/www.semanariolocal.cl\/index.php?rest_route=\/wp\/v2\/posts\/14139\/revisions\/14141"}],"wp:featuredmedia":[{"embeddable":true,"href":"https:\/\/www.semanariolocal.cl\/index.php?rest_route=\/wp\/v2\/media\/14140"}],"wp:attachment":[{"href":"https:\/\/www.semanariolocal.cl\/index.php?rest_route=%2Fwp%2Fv2%2Fmedia&parent=14139"}],"wp:term":[{"taxonomy":"category","embeddable":true,"href":"https:\/\/www.semanariolocal.cl\/index.php?rest_route=%2Fwp%2Fv2%2Fcategories&post=14139"},{"taxonomy":"post_tag","embeddable":true,"href":"https:\/\/www.semanariolocal.cl\/index.php?rest_route=%2Fwp%2Fv2%2Ftags&post=14139"}],"curies":[{"name":"wp","href":"https:\/\/api.w.org\/{rel}","templated":true}]}}