{"id":14133,"date":"2023-08-16T09:44:00","date_gmt":"2023-08-16T13:44:00","guid":{"rendered":"https:\/\/www.semanariolocal.cl\/?p=14133"},"modified":"2023-08-16T21:48:29","modified_gmt":"2023-08-17T01:48:29","slug":"santo-tomas-osorno-apuesta-por-fortalecer-el-reciclaje-verde-a-traves-de-moderno-laboratorio","status":"publish","type":"post","link":"https:\/\/www.semanariolocal.cl\/?p=14133","title":{"rendered":"Santo Tom\u00e1s Osorno apuesta por fortalecer el reciclaje verde a trav\u00e9s de moderno laboratorio"},"content":{"rendered":"\n<p>Con el prop\u00f3sito de potenciar las nuevas tecnolog\u00edas en materia de reciclaje, el ambientalista y docente del IP Santo Tom\u00e1s Osorno Ricardo medina, expres\u00f3 que el proyecto tiene como objetivo ayudar al medio ambiente y fortalecer a la Red Verde Santo Tom\u00e1s.<\/p>\n\n\n\n<p>\u201cCon el financiamiento obtenido, se establecer\u00e1 un laboratorio de reciclaje equipado con m\u00e1quinas de \u00faltima tecnolog\u00eda que ser\u00e1n adquiridas desde Espa\u00f1a. Estas m\u00e1quinas permiten transformar botellas en filamentos PLA para impresoras 3D. La materia prima, considerada basura, se obtendr\u00e1 a trav\u00e9s de las jornadas de limpieza en terreno y campa\u00f1as\u201d, precis\u00f3 el acad\u00e9mico agregando que el laboratorio contar\u00e1 con la participaci\u00f3n de voluntarios de la Red Verde Santo Tom\u00e1s para su implementaci\u00f3n y con un asesor ambiental de la Fundaci\u00f3n Construye Futuro, instituci\u00f3n colaboradora de la Red Verde Santo Tom\u00e1s.<\/p>\n\n\n\n<p>La idea del proyecto surgi\u00f3 a ra\u00edz de las diversas limpiezas de microbasurales en terrenos realizadas por la Red Verde Santo Tom\u00e1s. Durante estas actividades, se pudo evidenciar la gran cantidad de botellas pl\u00e1sticas que contaminan el entorno. Hasta ahora, este tipo de desecho se considera basura y se env\u00eda a vertederos municipales. \u201cAl buscar innovaci\u00f3n en reciclaje, se encontr\u00f3 esta iniciativa que ya ha sido desarrollada en otros pa\u00edses. En la actualidad, existen muchas cuentas en redes sociales que sistematizan las experiencias relacionadas con esta idea. Entonces, se pens\u00f3, \u00bfpor qu\u00e9 no hacerlo aqu\u00ed? Tenemos el espacio, podemos conseguir las m\u00e1quinas y contamos con las personas para convertir muchas iniciativas en realidad\u201d, revel\u00f3.<\/p>\n\n\n\n<p>Medina agreg\u00f3 que vio una necesidad en esta \u00e1rea ya que \u201clamentablemente, Osorno es una de las ciudades m\u00e1s contaminadas del pa\u00eds. Seg\u00fan un estudio publicado por Bio Bio en 2021, Osorno ser\u00eda la segunda ciudad m\u00e1s contaminada debido al problema de la calefacci\u00f3n. Sin embargo, esta problem\u00e1tica ambiental es m\u00e1s transversal, no solo se limita al aire que respiramos. El exceso de pl\u00e1stico en nuestro medio ambiente, como en los r\u00edos y en la tierra, afecta directamente nuestra calidad de vida y salud. Adem\u00e1s, el efecto de los micropl\u00e1sticos, que se desprenden de estos materiales, tambi\u00e9n es preocupante. Se ha encontrado micropl\u00e1stico en los est\u00f3magos de animales, y se presume que tambi\u00e9n est\u00e1 presente en nuestro organismo desde hace alg\u00fan tiempo. Para dejar de ser una de las ciudades m\u00e1s contaminadas y superar esta emergencia ambiental, debemos abordar esta problem\u00e1tica desde diversas perspectivas\u201d.<\/p>\n\n\n\n<p>En la actualidad, el equipo del voluntariado est\u00e1 compuesto por 30 estudiantes voluntarios de la Red Verde Santo Tom\u00e1s y la invitaci\u00f3n es a que se sumen m\u00e1s interesados. \u201cTambi\u00e9n contamos con la colaboraci\u00f3n de Boris Fern\u00e1ndez, ingeniero ambiental de la Fundaci\u00f3n Construye Futuro, quien nos brinda asesor\u00eda constante. Adem\u00e1s, en conjunto, estamos desarrollando solicitudes de financiamiento en otros fondos para fortalecer a\u00fan m\u00e1s la gesti\u00f3n de la Red Verde Santo Tom\u00e1s\u201d, dijo, destacando que tambi\u00e9n participar\u00e1n en la iniciativa 10 organizaciones sociales vinculadas a los puntos de limpieza, con las cuales llevar\u00e1n a cabo jornadas socioeducativas ambientales.<\/p>\n\n\n\n<p>Entre los efectos que este proyecto tendr\u00e1 en la comunidad local, uno de los m\u00e1s interesantes tiene que ver con la motivaci\u00f3n para participar en iniciativas ambientales, ya que la implementaci\u00f3n de tecnolog\u00edas siempre resulta atractiva. Adem\u00e1s, la vinculaci\u00f3n con las organizaciones tendr\u00e1 un efecto importante, ya que han expresado que existe una gran falta de informaci\u00f3n sobre c\u00f3mo y qu\u00e9 reciclar. Es por eso que la l\u00ednea educativa generar\u00e1 m\u00e1s impacto positivo que las propias jornadas de limpieza y reciclaje.<\/p>\n\n\n\n<p>El acad\u00e9mico concluy\u00f3 que \u201cuno de los principales aportes en materia de VcM tiene que ver con acercar nuevas tecnolog\u00edas de reciclaje a la comunidad. Adem\u00e1s, las jornadas educativas siempre son una excelente oportunidad para establecer v\u00ednculos significativos de trabajo con las organizaciones territoriales. Este proyecto est\u00e1 dise\u00f1ado para motivar a participar de actividades ambientales a ni\u00f1os, ni\u00f1as, adolescentes y adultos que forman parte de nuestra comunidad\u201d, cerr\u00f3.<\/p>\n","protected":false},"excerpt":{"rendered":"<p>En el proyecto, participar\u00e1n 10 organizaciones sociales vinculadas a puntos de limpieza en la zona, con quienes se llevar\u00e1n a cabo jornadas socioeducativas ambientales. La iniciativa fue presentada como proyecto al 5to Concurso de Innovaci\u00f3n Social Santo Tom\u00e1s \u201cTransformar para Impactar\u201d, obteniendo recursos para su ejecuci\u00f3n en Osorno<\/p>\n","protected":false},"author":1,"featured_media":14134,"comment_status":"closed","ping_status":"closed","sticky":false,"template":"","format":"standard","meta":{"footnotes":""},"categories":[3],"tags":[337,273,132,247,74,133],"class_list":["post-14133","post","type-post","status-publish","format-standard","has-post-thumbnail","hentry","category-al-dia","tag-informacion","tag-noticias","tag-osorno","tag-region-de-los-lagos","tag-santo-tomas-2","tag-semanario-local"],"_links":{"self":[{"href":"https:\/\/www.semanariolocal.cl\/index.php?rest_route=\/wp\/v2\/posts\/14133","targetHints":{"allow":["GET"]}}],"collection":[{"href":"https:\/\/www.semanariolocal.cl\/index.php?rest_route=\/wp\/v2\/posts"}],"about":[{"href":"https:\/\/www.semanariolocal.cl\/index.php?rest_route=\/wp\/v2\/types\/post"}],"author":[{"embeddable":true,"href":"https:\/\/www.semanariolocal.cl\/index.php?rest_route=\/wp\/v2\/users\/1"}],"replies":[{"embeddable":true,"href":"https:\/\/www.semanariolocal.cl\/index.php?rest_route=%2Fwp%2Fv2%2Fcomments&post=14133"}],"version-history":[{"count":1,"href":"https:\/\/www.semanariolocal.cl\/index.php?rest_route=\/wp\/v2\/posts\/14133\/revisions"}],"predecessor-version":[{"id":14135,"href":"https:\/\/www.semanariolocal.cl\/index.php?rest_route=\/wp\/v2\/posts\/14133\/revisions\/14135"}],"wp:featuredmedia":[{"embeddable":true,"href":"https:\/\/www.semanariolocal.cl\/index.php?rest_route=\/wp\/v2\/media\/14134"}],"wp:attachment":[{"href":"https:\/\/www.semanariolocal.cl\/index.php?rest_route=%2Fwp%2Fv2%2Fmedia&parent=14133"}],"wp:term":[{"taxonomy":"category","embeddable":true,"href":"https:\/\/www.semanariolocal.cl\/index.php?rest_route=%2Fwp%2Fv2%2Fcategories&post=14133"},{"taxonomy":"post_tag","embeddable":true,"href":"https:\/\/www.semanariolocal.cl\/index.php?rest_route=%2Fwp%2Fv2%2Ftags&post=14133"}],"curies":[{"name":"wp","href":"https:\/\/api.w.org\/{rel}","templated":true}]}}