{"id":14075,"date":"2023-08-11T22:19:23","date_gmt":"2023-08-12T02:19:23","guid":{"rendered":"https:\/\/www.semanariolocal.cl\/?p=14075"},"modified":"2023-08-11T22:19:24","modified_gmt":"2023-08-12T02:19:24","slug":"investigacion-ulagos-uach-aborda-las-desigualdades-en-los-territorios","status":"publish","type":"post","link":"https:\/\/www.semanariolocal.cl\/?p=14075","title":{"rendered":"Investigaci\u00f3n ULagos -Uach aborda las desigualdades en los territorios"},"content":{"rendered":"\n<p>Comprender c\u00f3mo se manifiesta la desigualdad en los territorios urbanos y rurales, y c\u00f3mo se materializan estas diferencias en el paisaje, en el acceso a recursos, o en el ordenamiento territorial, han sido temas de inter\u00e9s en su trabajo de investigaci\u00f3n, dada su formaci\u00f3n como ge\u00f3grafa. As\u00ed lo manifiesta la&nbsp;<strong>investigadora de la Universidad Austral de Chile, Dra. en Geograf\u00eda Carla Marchant,<\/strong>&nbsp;miembro del equipo de trabajo del&nbsp;<strong>proyecto Anillo sobre \u201cDesigualdades Territoriales\u201d&nbsp;<\/strong>que ejecuta en conjunto con la Universidad de Los Lagos.<\/p>\n\n\n\n<p>\u201c<em>Me interesa mucho el trabajo interdisciplinario, el poder abordar problemas complejos que tienen que ver con las transformaciones de los territorios y la desigualdad como un factor que marca la vida de las personas, es un problema que requiere miradas que integren distintas dimensiones y en ese sentido este proyecto Anillo tiene ese enfoque y desde mi l\u00ednea de investigaci\u00f3n me parece muy interesante y necesario para la resoluci\u00f3n de esos desaf\u00edos\u201d,<\/em>&nbsp;explica la Dra. Marchant.<\/p>\n\n\n\n<p>El proyecto que se est\u00e1 ejecutando en las regiones de Los Lagos, Ays\u00e9n y Magallanes cuenta con el trabajo de distintas disciplinas: educaci\u00f3n, econom\u00eda, antropolog\u00eda, sociolog\u00eda y geograf\u00eda cuyos investigadores\/as aportan desde sus distintas miradas. \u201c<em>Mi l\u00ednea de investigaci\u00f3n se desarrolla en \u00e1reas donde se concentran muchas desigualdades espaciales como son los espacios rurales y principalmente de monta\u00f1a, en este sentido el trabajo que yo realizo en el Laboratorio Natural Andes del Sur, el cual dirijo, busca contribuir a partir del conocimiento cient\u00edfico a generar informaci\u00f3n t\u00e9cnica que contribuya disminuir estas brechas de desarrollo y ponerla a disposici\u00f3n de tomadores de decisiones. Desde esa perspectiva mi aporte va a ser integrar las distintas miradas que tiene el equipo y contribuir a la reflexi\u00f3n sobre los impactos espaciales de la desigualdad\u201d<\/em>, explica.<\/p>\n\n\n\n<h3 class=\"wp-block-heading\">LO QUE SE VIENE<\/h3>\n\n\n\n<p>Para este segundo semestre, la investigadora comenta que su trabajo en el proyecto ser\u00e1 apoyar y acompa\u00f1ar a los estudiantes de Geograf\u00eda y del Magister en Desarrollo Rural de la UACh que est\u00e1n desarrollando sus trabajos de tesis e investigaciones en Chilo\u00e9 en el contexto de este proyecto. Para ello, la reflexi\u00f3n de estos trabajos se centra en la manera en que se plasman las desigualdades territoriales, a prop\u00f3sito de los procesos de parcelaci\u00f3n de agrado que ocurren y est\u00e1n tomando un ritmo muy acelerado en Chilo\u00e9. \u201c<em>Analizar c\u00f3mo un proceso de transformaci\u00f3n de uso de suelo como ese, que implica la llegada de nuevas personas, de nuevos habitantes, donde se van cambiando pr\u00e1cticas que ocurren en esos territorios, tambi\u00e9n genera otros procesos menos estudiados que tienen que ver con esta producci\u00f3n de desigualdades. Un ejemplo muy claro de eso es el acceso al agua, estos nuevos habitantes que van integr\u00e1ndose a comunidades rurales agregan m\u00e1s presiones a estos sistemas, entonces desde esa perspectiva la investigaci\u00f3n de los efectos del fen\u00f3meno de parcelaci\u00f3n de agrado en \u00e1reas rurales, y su relaci\u00f3n con la generaci\u00f3n de nuevas desigualdades, es de nuestro inter\u00e9s\u201d.<\/em><\/p>\n\n\n\n<h3 class=\"wp-block-heading\"><strong>\u00bfQu\u00e9 te parece poder trabajar junto a otras disciplinas?<\/strong><\/h3>\n\n\n\n<p>El trabajo con otras disciplinas y universidades es fundamental para hacer investigaci\u00f3n que est\u00e9 a la vanguardia y que sirva para contribuir al desarrollo de los territorios, en este proyecto colaboramos colegas de distintas disciplinas, pero tambi\u00e9n existe una fuerte participaci\u00f3n de organismos p\u00fablicos y privados como la Fundaci\u00f3n para la Superaci\u00f3n de la Pobreza, Subdere (Subsecretar\u00eda de Desarrollo Regional), colaboradores internacionales, entre otros, entonces el esp\u00edritu de los (proyectos) Anillo busca potenciar la investigaci\u00f3n asociativa, eso es muy necesario y la forma en que debiesen ser enfrentados desaf\u00edos de investigaci\u00f3n tan amplios como los que estamos abordando nosotros.<\/p>\n","protected":false},"excerpt":{"rendered":"<p>Comprender c\u00f3mo se manifiesta la desigualdad en los territorios urbanos y rurales, y c\u00f3mo se materializan estas diferencias en el paisaje, en el acceso a recursos, o en el ordenamiento territorial, han sido temas de inter\u00e9s en su trabajo de investigaci\u00f3n, dada su formaci\u00f3n como ge\u00f3grafa. As\u00ed lo manifiesta la&nbsp;investigadora de la Universidad Austral de&#8230;<a class=\"btnReadMore\" href=\"https:\/\/www.semanariolocal.cl\/?p=14075\"> Leer M\u00e1s<\/a><\/p>\n","protected":false},"author":1,"featured_media":14076,"comment_status":"closed","ping_status":"closed","sticky":false,"template":"","format":"standard","meta":{"footnotes":""},"categories":[3],"tags":[337,273,132,113,247,133],"class_list":["post-14075","post","type-post","status-publish","format-standard","has-post-thumbnail","hentry","category-al-dia","tag-informacion","tag-noticias","tag-osorno","tag-puerto-montt","tag-region-de-los-lagos","tag-semanario-local"],"_links":{"self":[{"href":"https:\/\/www.semanariolocal.cl\/index.php?rest_route=\/wp\/v2\/posts\/14075","targetHints":{"allow":["GET"]}}],"collection":[{"href":"https:\/\/www.semanariolocal.cl\/index.php?rest_route=\/wp\/v2\/posts"}],"about":[{"href":"https:\/\/www.semanariolocal.cl\/index.php?rest_route=\/wp\/v2\/types\/post"}],"author":[{"embeddable":true,"href":"https:\/\/www.semanariolocal.cl\/index.php?rest_route=\/wp\/v2\/users\/1"}],"replies":[{"embeddable":true,"href":"https:\/\/www.semanariolocal.cl\/index.php?rest_route=%2Fwp%2Fv2%2Fcomments&post=14075"}],"version-history":[{"count":1,"href":"https:\/\/www.semanariolocal.cl\/index.php?rest_route=\/wp\/v2\/posts\/14075\/revisions"}],"predecessor-version":[{"id":14077,"href":"https:\/\/www.semanariolocal.cl\/index.php?rest_route=\/wp\/v2\/posts\/14075\/revisions\/14077"}],"wp:featuredmedia":[{"embeddable":true,"href":"https:\/\/www.semanariolocal.cl\/index.php?rest_route=\/wp\/v2\/media\/14076"}],"wp:attachment":[{"href":"https:\/\/www.semanariolocal.cl\/index.php?rest_route=%2Fwp%2Fv2%2Fmedia&parent=14075"}],"wp:term":[{"taxonomy":"category","embeddable":true,"href":"https:\/\/www.semanariolocal.cl\/index.php?rest_route=%2Fwp%2Fv2%2Fcategories&post=14075"},{"taxonomy":"post_tag","embeddable":true,"href":"https:\/\/www.semanariolocal.cl\/index.php?rest_route=%2Fwp%2Fv2%2Ftags&post=14075"}],"curies":[{"name":"wp","href":"https:\/\/api.w.org\/{rel}","templated":true}]}}