{"id":14066,"date":"2023-08-11T19:59:35","date_gmt":"2023-08-11T23:59:35","guid":{"rendered":"https:\/\/www.semanariolocal.cl\/?p=14066"},"modified":"2023-08-11T21:26:04","modified_gmt":"2023-08-12T01:26:04","slug":"paula-poblete-maureira-ex-subsecretaria-de-evaluacion-social-asume-como-ministra-de-desarrollo-social-en-remplazo-de-giorgio-jackson-drago","status":"publish","type":"post","link":"https:\/\/www.semanariolocal.cl\/?p=14066","title":{"rendered":"Paula Poblete Maureira, ex subsecretaria de Evaluaci\u00f3n Social asume como Ministra (S) de Desarrollo Social en reemplazo de Giorgio Jackson Drago"},"content":{"rendered":"\n<p>La Presidencia de la Rep\u00fablica informa que, a partir de hoy asume en el cargo de ministra de Desarrollo Social y Familia subrogante, la subsecretaria de Evaluaci\u00f3n Social, Paula Poblete Maureira. Paula Poblete Maureira es Economista y Minor en Sociolog\u00eda de la Pontificia Universidad Cat\u00f3lica de Chile y Mag\u00edster en Pol\u00edticas P\u00fablicas de la Universidad de Chile.<\/p>\n\n\n\n<p>Ha sido acad\u00e9mica de pregrado y postgrado en las universidades de Valpara\u00edso, Cat\u00f3lica de Valpara\u00edso, Adolfo Ib\u00e1\u00f1ez y Diego Portales en c\u00e1tedras de econom\u00eda y brechas de g\u00e9nero. Adem\u00e1s, fue parte del<br>Consejo Acad\u00e9mico Econ\u00f3mico del entonces candidato y actual Presidente Gabriel Boric Font.<\/p>\n\n\n\n<p>Al respecto el Presidente Gabriel Boric se\u00f1al\u00f3 a traves de su cuenta de twitter :  \u00bb Chile y los habitantes de nuestra patria est\u00e1n primero. Acepto la renuncia de Giorgio Jackson como un gesto de generosidad que ayude a mejorar el clima pol\u00edtico y avanzar en las reformas. Como dijo el mismo Giorgio, la gente est\u00e1 cansada de peleas. Es hora de ponerse de acuerdo.\u00bb<\/p>\n\n\n\n<figure class=\"wp-block-embed is-type-rich is-provider-twitter wp-block-embed-twitter\"><div class=\"wp-block-embed__wrapper\">\n<blockquote class=\"twitter-tweet\" data-width=\"550\" data-dnt=\"true\"><p lang=\"es\" dir=\"ltr\">Chile y los habitantes de nuestra patria est\u00e1n primero. Acepto la renuncia de Giorgio Jackson como un gesto de generosidad que ayude a mejorar el clima pol\u00edtico y avanzar en las reformas. Como dijo el mismo Giorgio, la gente est\u00e1 cansada de peleas. Es hora de ponerse de acuerdo.<\/p>&mdash; Gabriel Boric Font (@GabrielBoric) <a href=\"https:\/\/twitter.com\/GabrielBoric\/status\/1690150383866286081?ref_src=twsrc%5Etfw\">August 11, 2023<\/a><\/blockquote><script async src=\"https:\/\/platform.twitter.com\/widgets.js\" charset=\"utf-8\"><\/script>\n<\/div><\/figure>\n\n\n\n<p>\u00a0En tanto el <strong>diputado Daniel Manouchehri, jefe de la Bancada PS<\/strong> indic\u00f3 que el ministro Jackson ha puesto los intereses de Chile por delante.\u00a0Con la salida del ministro Jackson\u00a0se acaban las excusas a la oposici\u00f3n para trabar las reformas que benefician a los Chilenos\u00bb. Agregando que \u00bb El llamado a la oposici\u00f3n es a entender que se requiere menos politiquer\u00eda y m\u00e1s unidad para sacar adelante al pa\u00eds.Por lo dem\u00e1s, se abre la posibilidad para que el ministro Jackson tenga plena libertad para limpiar su nombre de aquellos que de una manera baja lo han injuriado y calumniado\u00bb.<\/p>\n","protected":false},"excerpt":{"rendered":"<p>La Presidencia de la Rep\u00fablica informa que, a partir de hoy asume en el cargo de ministra de Desarrollo Social y Familia subrogante, la subsecretaria de Evaluaci\u00f3n Social, Paula Poblete Maureira. Paula Poblete Maureira es Economista y Minor en Sociolog\u00eda de la Pontificia Universidad Cat\u00f3lica de Chile y Mag\u00edster en Pol\u00edticas P\u00fablicas de la Universidad&#8230;<a class=\"btnReadMore\" href=\"https:\/\/www.semanariolocal.cl\/?p=14066\"> Leer M\u00e1s<\/a><\/p>\n","protected":false},"author":1,"featured_media":14067,"comment_status":"closed","ping_status":"closed","sticky":false,"template":"","format":"standard","meta":{"footnotes":""},"categories":[3],"tags":[],"class_list":["post-14066","post","type-post","status-publish","format-standard","has-post-thumbnail","hentry","category-al-dia"],"_links":{"self":[{"href":"https:\/\/www.semanariolocal.cl\/index.php?rest_route=\/wp\/v2\/posts\/14066","targetHints":{"allow":["GET"]}}],"collection":[{"href":"https:\/\/www.semanariolocal.cl\/index.php?rest_route=\/wp\/v2\/posts"}],"about":[{"href":"https:\/\/www.semanariolocal.cl\/index.php?rest_route=\/wp\/v2\/types\/post"}],"author":[{"embeddable":true,"href":"https:\/\/www.semanariolocal.cl\/index.php?rest_route=\/wp\/v2\/users\/1"}],"replies":[{"embeddable":true,"href":"https:\/\/www.semanariolocal.cl\/index.php?rest_route=%2Fwp%2Fv2%2Fcomments&post=14066"}],"version-history":[{"count":4,"href":"https:\/\/www.semanariolocal.cl\/index.php?rest_route=\/wp\/v2\/posts\/14066\/revisions"}],"predecessor-version":[{"id":14073,"href":"https:\/\/www.semanariolocal.cl\/index.php?rest_route=\/wp\/v2\/posts\/14066\/revisions\/14073"}],"wp:featuredmedia":[{"embeddable":true,"href":"https:\/\/www.semanariolocal.cl\/index.php?rest_route=\/wp\/v2\/media\/14067"}],"wp:attachment":[{"href":"https:\/\/www.semanariolocal.cl\/index.php?rest_route=%2Fwp%2Fv2%2Fmedia&parent=14066"}],"wp:term":[{"taxonomy":"category","embeddable":true,"href":"https:\/\/www.semanariolocal.cl\/index.php?rest_route=%2Fwp%2Fv2%2Fcategories&post=14066"},{"taxonomy":"post_tag","embeddable":true,"href":"https:\/\/www.semanariolocal.cl\/index.php?rest_route=%2Fwp%2Fv2%2Ftags&post=14066"}],"curies":[{"name":"wp","href":"https:\/\/api.w.org\/{rel}","templated":true}]}}