{"id":14040,"date":"2023-08-06T22:12:02","date_gmt":"2023-08-07T02:12:02","guid":{"rendered":"https:\/\/www.semanariolocal.cl\/?p=14040"},"modified":"2023-08-10T22:15:58","modified_gmt":"2023-08-11T02:15:58","slug":"concejal-herta-lican-y-caso-carmela-carvajal-planta-directiva-del-daem-debe-asumir-responsabilidades","status":"publish","type":"post","link":"https:\/\/www.semanariolocal.cl\/?p=14040","title":{"rendered":"Concejal Herta Lican y caso Carmela Carvajal: \u00a0Planta directiva del Daem debe asumir responsabilidades\u201d."},"content":{"rendered":"\n<p>La Concejala de Osorno y Consejera Nacional Ind\u00edgena, Herta Ximena Lic\u00e1n fue tajante en se\u00f1alar que las acciones correctivas para atender a las necesidades de la comunidad educativa del Liceo Carmela Carvajal de Prat fueron tard\u00edas, lo que ha desencadenado una crisis en la educaci\u00f3n municipal de Osorno y que lamentablemente involucra a adolescentes, profesionales y asistentes de la educaci\u00f3n que cada vez ven m\u00e1s perjudicado su sistema educativo y en consecuencia, el aprendizaje en uno de los establecimiento educacionales m\u00e1s emblem\u00e1ticos de la Provincia.<\/p>\n\n\n\n<p><strong>\u201cEsto impacta directamente en el desarrollo y crecimiento de las y los estudiantes que son los principales perjudicados, porque no solamente estamos perjudicando su presente, sino tambi\u00e9n su futuro cuando tengan que enfrentar el sistema de selecci\u00f3n universitaria. Ahora yo reconozco los esfuerzos que ha hecho el Alcalde Don Emeterio Carrillo en esta materia\u201d,<\/strong> reflexion\u00f3, aludiendo a que se deben involucrar en las decisiones a toda la comunidad educativa compuesta por Profesores, Apoderados, Asistentes de la Educaci\u00f3n y el Centro de Alumnos para encontrar una soluci\u00f3n.<\/p>\n\n\n\n<p>Por \u00faltimo, la Concejala reiter\u00f3 su molestia respecto a la inacci\u00f3n de lo directivos del DAEM de la Municipalidad de Osorno, en el que si bien hace menos un mes renunci\u00f3 el ex Director Mauricio Guti\u00e9rrez, se\u00f1ala que existen responsabilidades que van m\u00e1s all\u00e1 de una sola persona.<\/p>\n\n\n\n<p><strong>\u201cPero igual no puedo dejar de sentir molestia por la falta de reacci\u00f3n que tenemos en los Directivos del DAEM, que si bien es cierto que hace menos de un mes renunci\u00f3 el Ex Director, el Sr. Guti\u00e9rrez, aqu\u00ed la responsabilidad no es solamente de una persona, mantengo mi postura en que toda la planta Directiva del DAEM debe asumir responsabilidades ante esta crisis que est\u00e1 viviendo nuevamente el Liceo Carmela Carvajal\u201d.<\/strong><\/p>\n","protected":false},"excerpt":{"rendered":"<p>La Concejal Herta Lic\u00e1n fue tajante en se\u00f1alar que la situaci\u00f3n cr\u00edtica del Liceo Carmela Carvajal de Osorno fue alertada con tiempo, sin embargo no se tomaron acciones asertivas para prevenir la crisis.<\/p>\n","protected":false},"author":1,"featured_media":14041,"comment_status":"closed","ping_status":"closed","sticky":false,"template":"","format":"standard","meta":{"footnotes":""},"categories":[3],"tags":[337,273,132,247,133,2054],"class_list":["post-14040","post","type-post","status-publish","format-standard","has-post-thumbnail","hentry","category-al-dia","tag-informacion","tag-noticias","tag-osorno","tag-region-de-los-lagos","tag-semanario-local","tag-ximena-lican"],"_links":{"self":[{"href":"https:\/\/www.semanariolocal.cl\/index.php?rest_route=\/wp\/v2\/posts\/14040","targetHints":{"allow":["GET"]}}],"collection":[{"href":"https:\/\/www.semanariolocal.cl\/index.php?rest_route=\/wp\/v2\/posts"}],"about":[{"href":"https:\/\/www.semanariolocal.cl\/index.php?rest_route=\/wp\/v2\/types\/post"}],"author":[{"embeddable":true,"href":"https:\/\/www.semanariolocal.cl\/index.php?rest_route=\/wp\/v2\/users\/1"}],"replies":[{"embeddable":true,"href":"https:\/\/www.semanariolocal.cl\/index.php?rest_route=%2Fwp%2Fv2%2Fcomments&post=14040"}],"version-history":[{"count":1,"href":"https:\/\/www.semanariolocal.cl\/index.php?rest_route=\/wp\/v2\/posts\/14040\/revisions"}],"predecessor-version":[{"id":14042,"href":"https:\/\/www.semanariolocal.cl\/index.php?rest_route=\/wp\/v2\/posts\/14040\/revisions\/14042"}],"wp:featuredmedia":[{"embeddable":true,"href":"https:\/\/www.semanariolocal.cl\/index.php?rest_route=\/wp\/v2\/media\/14041"}],"wp:attachment":[{"href":"https:\/\/www.semanariolocal.cl\/index.php?rest_route=%2Fwp%2Fv2%2Fmedia&parent=14040"}],"wp:term":[{"taxonomy":"category","embeddable":true,"href":"https:\/\/www.semanariolocal.cl\/index.php?rest_route=%2Fwp%2Fv2%2Fcategories&post=14040"},{"taxonomy":"post_tag","embeddable":true,"href":"https:\/\/www.semanariolocal.cl\/index.php?rest_route=%2Fwp%2Fv2%2Ftags&post=14040"}],"curies":[{"name":"wp","href":"https:\/\/api.w.org\/{rel}","templated":true}]}}