{"id":14034,"date":"2023-08-07T21:58:59","date_gmt":"2023-08-08T01:58:59","guid":{"rendered":"https:\/\/www.semanariolocal.cl\/?p=14034"},"modified":"2023-08-10T22:04:51","modified_gmt":"2023-08-11T02:04:51","slug":"impulsan-programas-de-salud-para-la-prevencion-del-cancer-colorrectal-en-los-lagos","status":"publish","type":"post","link":"https:\/\/www.semanariolocal.cl\/?p=14034","title":{"rendered":"Impulsan programas de salud para la prevenci\u00f3n del C\u00e1ncer Colorrectal en Los Lagos"},"content":{"rendered":"\n<p>En una reuni\u00f3n reciente con el Servicio de Salud del Reloncav\u00ed, el consejero por la provincia de Llanquihue, Manuel Rivera, destac\u00f3 la importancia de establecer programas destinados a la prevenci\u00f3n y el tratamiento del c\u00e1ncer prost\u00e1tico en la regi\u00f3n de Los Lagos. La propuesta, que busca abordar una necesidad urgente en el \u00e1rea de la salud, fue planteada en medio de discusiones sobre diversas propuestas de mejora en el sistema de salud regional.<\/p>\n\n\n\n<p>La directora del Servicio de Salud, B\u00e1rbara del Pino, present\u00f3 a los consejeros regionales de la comisi\u00f3n Llanquihue una serie de desaf\u00edos en el \u00e1mbito de la salud. En respuesta, Manuel Rivera enfatiz\u00f3 la necesidad de enfocar la atenci\u00f3n en la creciente incidencia de c\u00e1ncer prost\u00e1tico en la regi\u00f3n y propuso la creaci\u00f3n de programas espec\u00edficos para su prevenci\u00f3n y tratamiento.<\/p>\n\n\n\n<p>El consejero Rivera expres\u00f3: \u00abHa sido muy importante la reuni\u00f3n que tuvimos hoy d\u00eda con el Servicio de Salud del Reloncav\u00ed, con la directora B\u00e1rbara del Pino, y creo que una de las dos solicitudes que hice son importantes. Hoy d\u00eda se nos est\u00e1n muriendo muchos pacientes de c\u00e1ncer de pr\u00f3stata, y lamentablemente a veces es muy dif\u00edcil conseguir una hora en el hospital de Puerto Montt para ver a un ur\u00f3logo, un especialista. Por tal motivo, solicit\u00e9 que se haga un programa a trav\u00e9s del gobierno regional para apoyar a tantas personas que est\u00e1n sufriendo de c\u00e1ncer de pr\u00f3stata\u00bb.<\/p>\n\n\n\n<p>El aumento de los casos de c\u00e1ncer de pr\u00f3stata en la regi\u00f3n de Los Lagos es motivo de preocupaci\u00f3n. El consejero Rivera se\u00f1al\u00f3 que, en muchos casos, los pacientes no reportan sus problemas de salud, lo que subraya la necesidad de crear un programa de prevenci\u00f3n que brinde un acceso m\u00e1s accesible y una atenci\u00f3n especializada para esta enfermedad. \u00abCreo que es un programa que muchas veces los hombres no dicen la enfermedad que tienen, y creo que hoy d\u00eda es muy frecuente que en nuestro pa\u00eds o en nuestra regi\u00f3n tengamos muchas personas, varones, con problemas prost\u00e1ticos. Por lo tanto, creo que este programa sea presentado lo antes posible al desarrollo social del gobierno regional\u00bb, agreg\u00f3 Rivera.<\/p>\n\n\n\n<p>Adem\u00e1s de su propuesta sobre el c\u00e1ncer prost\u00e1tico, el consejero Manuel Rivera tambi\u00e9n abog\u00f3 por la creaci\u00f3n de programas integrales para los pacientes con hipoacusia o sordera. Rivera destac\u00f3 la dificultad que enfrentan los adultos mayores para acceder a atenci\u00f3n m\u00e9dica y aud\u00edfonos debido a los altos costos. \u00abHoy d\u00eda lamentablemente hay muchas personas, adultos mayores, que sufren de sordera, y muchas veces les cuesta ir al hospital o conseguir una hora para un otorrino, y posteriormente tienen que ver a una fonoaudi\u00f3loga o hacer una audiometr\u00eda. Entonces lo que estoy solicitando es que se haga un programa integral para apoyar a los adultos mayores para que se les hagan los ex\u00e1menes y a su vez se les pueda dar aud\u00edfonos. Creo que es muy importante. Hoy d\u00eda un aud\u00edfono en consulta particular cuesta 700.000 pesos. Mucha gente no lo puede comprar\u00bb, concluy\u00f3 el consejero.<\/p>\n","protected":false},"excerpt":{"rendered":"<p>El aumento de los casos de c\u00e1ncer de pr\u00f3stata en la regi\u00f3n de Los Lagos es motivo de preocupaci\u00f3n, se\u00f1ala el Consejero Regional Mauricio Rivera<\/p>\n","protected":false},"author":1,"featured_media":14035,"comment_status":"closed","ping_status":"closed","sticky":false,"template":"","format":"standard","meta":{"footnotes":""},"categories":[3],"tags":[],"class_list":["post-14034","post","type-post","status-publish","format-standard","has-post-thumbnail","hentry","category-al-dia"],"_links":{"self":[{"href":"https:\/\/www.semanariolocal.cl\/index.php?rest_route=\/wp\/v2\/posts\/14034","targetHints":{"allow":["GET"]}}],"collection":[{"href":"https:\/\/www.semanariolocal.cl\/index.php?rest_route=\/wp\/v2\/posts"}],"about":[{"href":"https:\/\/www.semanariolocal.cl\/index.php?rest_route=\/wp\/v2\/types\/post"}],"author":[{"embeddable":true,"href":"https:\/\/www.semanariolocal.cl\/index.php?rest_route=\/wp\/v2\/users\/1"}],"replies":[{"embeddable":true,"href":"https:\/\/www.semanariolocal.cl\/index.php?rest_route=%2Fwp%2Fv2%2Fcomments&post=14034"}],"version-history":[{"count":1,"href":"https:\/\/www.semanariolocal.cl\/index.php?rest_route=\/wp\/v2\/posts\/14034\/revisions"}],"predecessor-version":[{"id":14036,"href":"https:\/\/www.semanariolocal.cl\/index.php?rest_route=\/wp\/v2\/posts\/14034\/revisions\/14036"}],"wp:featuredmedia":[{"embeddable":true,"href":"https:\/\/www.semanariolocal.cl\/index.php?rest_route=\/wp\/v2\/media\/14035"}],"wp:attachment":[{"href":"https:\/\/www.semanariolocal.cl\/index.php?rest_route=%2Fwp%2Fv2%2Fmedia&parent=14034"}],"wp:term":[{"taxonomy":"category","embeddable":true,"href":"https:\/\/www.semanariolocal.cl\/index.php?rest_route=%2Fwp%2Fv2%2Fcategories&post=14034"},{"taxonomy":"post_tag","embeddable":true,"href":"https:\/\/www.semanariolocal.cl\/index.php?rest_route=%2Fwp%2Fv2%2Ftags&post=14034"}],"curies":[{"name":"wp","href":"https:\/\/api.w.org\/{rel}","templated":true}]}}