{"id":14017,"date":"2023-08-07T21:15:55","date_gmt":"2023-08-08T01:15:55","guid":{"rendered":"https:\/\/www.semanariolocal.cl\/?p=14017"},"modified":"2023-08-10T21:27:25","modified_gmt":"2023-08-11T01:27:25","slug":"5-consejos-para-proteger-tu-informacion-personal","status":"publish","type":"post","link":"https:\/\/www.semanariolocal.cl\/?p=14017","title":{"rendered":"5 consejos para proteger tu informaci\u00f3n personal"},"content":{"rendered":"\n<p>Los asistentes como Alexa, Siri o Google Home han tra\u00eddo infinitas comodidades, incluso hace unas semanas uno de estos sistemas entreg\u00f3 las instrucciones a una ni\u00f1a para ayudar a su madre mientras llegaba la asistencia m\u00e9dica.<\/p>\n\n\n\n<p>Con cada instrucci\u00f3n que se le entrega, adem\u00e1s de hacer lo que se le pide, el sistema recopila informaci\u00f3n. Si bien dichos datos se utilizan para mejorar el producto y generar una mejor experiencia de usuario, al aceptar los t\u00e9rminos y condiciones se abre una ventana a ciertas preocupaciones respecto de la privacidad y seguridad.&nbsp;<\/p>\n\n\n\n<p>\u201cAlguna vez te has planteado cu\u00e1nto saben de ti, de tu personalidad, por ejemplo. Se han realizado experimentos con algoritmos de inteligencia artificial con los cuales se podr\u00eda reconocer a los miembros de una familia, sus rutinas e incluso prever ciertos comportamientos\u201d, explica el experto en automatizaci\u00f3n e Inteligencia Artificial y fundador de la consultora BackSpace, Maurizio Pancorvo.<\/p>\n\n\n\n<p>Por eso, si cuentas con este tipo de dispositivos de asistencia personal, Pancorvo entrega cinco recomendaciones sobre c\u00f3mo manejar la informaci\u00f3n y as\u00ed proteger tus datos personales de mejor manera:<\/p>\n\n\n\n<ol class=\"wp-block-list\">\n<li><strong>S\u00e9 consciente sobre c\u00f3mo funcionan los asistentes virtuales<\/strong>:&nbsp;Siempre est\u00e1n escuchando, esperando una palabra de activaci\u00f3n, como por ejemplo \u201chey Siri\u201d. Al detectarla, el asistente comienza a grabar tu voz y a enviarla a la nube para su procesamiento.<\/li>\n<\/ol>\n\n\n\n<ol class=\"wp-block-list\" start=\"2\">\n<li><strong>Usa la palabra de activaci\u00f3n con moderaci\u00f3n<\/strong>: Solo menci\u00f3nala cuando est\u00e9s listo para interactuar con el asistente virtual. Esto ayudar\u00e1 a reducir la cantidad de audio que se graba y se env\u00eda a la nube.<\/li>\n<\/ol>\n\n\n\n<ol class=\"wp-block-list\" start=\"3\">\n<li><strong>Desactiva el micr\u00f3fono o la palabra de activaci\u00f3n cuando no la est\u00e9s usando<\/strong>: La mayor\u00eda de estos dispositivos tienen un bot\u00f3n que permite apagar el micr\u00f3fono. Si no, muchos asistentes virtuales permiten desactivar la palabra de activaci\u00f3n para que el asistente no escuche hasta que lo actives manualmente.&nbsp;<\/li>\n<\/ol>\n\n\n\n<ol class=\"wp-block-list\" start=\"4\">\n<li><strong>Revisa tus configuraciones de privacidad<\/strong>:&nbsp;La mayor\u00eda de los asistentes virtuales permiten ver y controlar tus configuraciones de privacidad. Por lo general, puedes elegir si deseas guardar tus grabaciones de voz o no, y si quieres o no compartir tus grabaciones con empresas de terceros.<\/li>\n<\/ol>\n\n\n\n<ol class=\"wp-block-list\" start=\"5\">\n<li><strong>Limita la recopilaci\u00f3n de datos personales<\/strong>: En los ajustes de privacidad de estos asistentes, puedes a menudo optar por no permitir la recopilaci\u00f3n de ciertos datos personales. Piensa qu\u00e9 informaci\u00f3n vas a compartir con el asistente, la recomendaci\u00f3n es no utilizarlo para discutir temas sensibles, como informaci\u00f3n financiera o condiciones m\u00e9dicas.<\/li>\n<\/ol>\n\n\n\n<p>Adem\u00e1s, el experto recomienda siempre leer los t\u00e9rminos y condiciones de las aplicaciones que los usuarios descargan y utilizan. \u201cEs importante conocer qu\u00e9 estamos autorizando y hasta d\u00f3nde entregamos acceso a nuestra informaci\u00f3n. Al\u00e9jate de conceptos como: \u2018Recopilaci\u00f3n de datos de terceros\u2019, esto puede significar que la empresa est\u00e1 compartiendo tus datos con otras empresas; \u2018Retenci\u00f3n de datos\u2019 o \u2018Derechos de propiedad intelectual sobre tus datos\u2019\u201d, concluye Pancorvo.<\/p>\n","protected":false},"excerpt":{"rendered":"<p>La inteligencia artificial nos escucha m\u00e1s de lo que uno cree; no solo con el celular, tablet o computador, tambi\u00e9n dentro de casa. <\/p>\n","protected":false},"author":1,"featured_media":14018,"comment_status":"closed","ping_status":"closed","sticky":false,"template":"","format":"standard","meta":{"footnotes":""},"categories":[3],"tags":[337,1609,273,132,113,247,133],"class_list":["post-14017","post","type-post","status-publish","format-standard","has-post-thumbnail","hentry","category-al-dia","tag-informacion","tag-inteligencia-artificial","tag-noticias","tag-osorno","tag-puerto-montt","tag-region-de-los-lagos","tag-semanario-local"],"_links":{"self":[{"href":"https:\/\/www.semanariolocal.cl\/index.php?rest_route=\/wp\/v2\/posts\/14017","targetHints":{"allow":["GET"]}}],"collection":[{"href":"https:\/\/www.semanariolocal.cl\/index.php?rest_route=\/wp\/v2\/posts"}],"about":[{"href":"https:\/\/www.semanariolocal.cl\/index.php?rest_route=\/wp\/v2\/types\/post"}],"author":[{"embeddable":true,"href":"https:\/\/www.semanariolocal.cl\/index.php?rest_route=\/wp\/v2\/users\/1"}],"replies":[{"embeddable":true,"href":"https:\/\/www.semanariolocal.cl\/index.php?rest_route=%2Fwp%2Fv2%2Fcomments&post=14017"}],"version-history":[{"count":1,"href":"https:\/\/www.semanariolocal.cl\/index.php?rest_route=\/wp\/v2\/posts\/14017\/revisions"}],"predecessor-version":[{"id":14019,"href":"https:\/\/www.semanariolocal.cl\/index.php?rest_route=\/wp\/v2\/posts\/14017\/revisions\/14019"}],"wp:featuredmedia":[{"embeddable":true,"href":"https:\/\/www.semanariolocal.cl\/index.php?rest_route=\/wp\/v2\/media\/14018"}],"wp:attachment":[{"href":"https:\/\/www.semanariolocal.cl\/index.php?rest_route=%2Fwp%2Fv2%2Fmedia&parent=14017"}],"wp:term":[{"taxonomy":"category","embeddable":true,"href":"https:\/\/www.semanariolocal.cl\/index.php?rest_route=%2Fwp%2Fv2%2Fcategories&post=14017"},{"taxonomy":"post_tag","embeddable":true,"href":"https:\/\/www.semanariolocal.cl\/index.php?rest_route=%2Fwp%2Fv2%2Ftags&post=14017"}],"curies":[{"name":"wp","href":"https:\/\/api.w.org\/{rel}","templated":true}]}}