{"id":14011,"date":"2023-08-10T09:01:00","date_gmt":"2023-08-10T13:01:00","guid":{"rendered":"https:\/\/www.semanariolocal.cl\/?p=14011"},"modified":"2023-08-10T21:05:20","modified_gmt":"2023-08-11T01:05:20","slug":"santo-tomas-osorno-y-municipalidad-firman-convenio-de-colaboracion","status":"publish","type":"post","link":"https:\/\/www.semanariolocal.cl\/?p=14011","title":{"rendered":"Santo Tom\u00e1s Osorno y municipalidad firman convenio de colaboraci\u00f3n"},"content":{"rendered":"\n<p>Con el prop\u00f3sito de potenciar el desarrollo laboral de las y los estudiantes del IP y CFT Santo Tom\u00e1s de Osorno y en beneficio de la ciudadan\u00eda local, las Instituciones de Educaci\u00f3n Superior antes mencionada firmaron un convenio de colaboraci\u00f3n con la I. Municipalidad de Osorno destacando por ejemplo cupos para pr\u00e1cticas profesionales y para la acci\u00f3n asistencial docente de los estudiantes de pregrado de carreas t\u00e9cnicas y profesionales que impartan el IP y CFT en sede Osorno.<\/p>\n\n\n\n<p>Para lo anterior se entender\u00e1 por \u201ccupo\u201d el n\u00famero de estudiantes t\u00e9cnicos o profesionales en formaci\u00f3n que pueden interactuar en un espacio por jornada semanal de 44 horas en el municipio. Este convenio destaca dem\u00e1s en su objetivo general facilitar y enriquecer las tareas y funciones propias de cada parte como la incorporaci\u00f3n en pr\u00e1cticas profesionales, laborales y\/o curriculares y el desarrollo en conjunto de actividades de vinculaci\u00f3n con el medio.<\/p>\n\n\n\n<p>Durante la firma del convenio, efectuado en las dependencias de la casa de estudios, el Rector de las Instituciones Santo Tom\u00e1s en Osorno Eugenio Larra\u00edn, expres\u00f3 que \u201ceste convenio se suma al otro asistencial docente de campos cl\u00ednicos que ya exist\u00eda. Todo esto es en beneficio de nuestros estudiantes, porque ese es nuestro norte, esa es nuestra forma de trabajar diariamente, y cualquier cosa que hagamos y que vaya en beneficio de ellos mejorar\u00e1 su calidad educacional y cuando se estudia y se tiene casu\u00edstica pr\u00e1ctica se genera un muy buen profesional\u201d.<\/p>\n\n\n\n<p>Por su parte, el alcalde Emeterio Carrillo, sostuvo que \u201cestos convenios nos permiten ampliar nuestro espectro de trabajo social y comunitario, ya lo se\u00f1alaba el Rector tambi\u00e9n en el aspecto jur\u00eddico, lo que es muy importante. Hoy en d\u00eda tenemos muchos adultos mayores que se sienten vulnerados en sus derechos y contra m\u00e1s apoyo desde el punto de vista jur\u00eddico tengan obviamente se sentir\u00e1n m\u00e1s resguardados y protegidos, tanto por la autoridad como tambi\u00e9n por su casa de estudios que hoy d\u00eda est\u00e1 contribuyendo a este trabajo junto al municipio\u201d.<\/p>\n\n\n\n<p>En la actividad se record\u00f3 adem\u00e1s otros de los trabajos que realiza Santo Tom\u00e1s con la comunidad y con la Municipalidad de Osorno, entre los que destacan: la cl\u00ednica podol\u00f3gica a trav\u00e9s de los CESFAM y CEDIAM a cargo de Dideco; el funcionamiento de la Cl\u00ednica Dental a trav\u00e9s de los CESFAM; las atenci\u00f3n kinesiol\u00f3gica a la comunidad y aportando trabajos a los CESFAM; Atenciones en la Cl\u00ednica Socio-Jur\u00eddica a las Juntas de vecinos; Actividades f\u00edsicas y ejercicios de tipo gerontol\u00f3gico con adultos mayores de los clubes; Trabajo anual con las oficinas de turismo y gastronom\u00eda; Apoyo de mejoramiento de vivienda a adultos mayores que se encuentran en situaci\u00f3n de abandono; Realizaci\u00f3n de proyecto emblem\u00e1tico denominado este a\u00f1o: \u201cConstruyendo el cambio: Capacitaci\u00f3n integral para la familia de Osorno en 2023 Invernadero Urbano\u201d, beneficiando a 200 familias, m\u00e1s 20 familias que tendr\u00e1n sus propios invernaderos.&nbsp;&nbsp;<\/p>\n","protected":false},"excerpt":{"rendered":"<p>En la actividad se record\u00f3 adem\u00e1s otros de los trabajos que realiza Santo Tom\u00e1s con la comunidad y con la Municipalidad de Osorno.<\/p>\n","protected":false},"author":1,"featured_media":14012,"comment_status":"closed","ping_status":"closed","sticky":false,"template":"","format":"standard","meta":{"footnotes":""},"categories":[3],"tags":[276,337,1115,273,132,247,74,133],"class_list":["post-14011","post","type-post","status-publish","format-standard","has-post-thumbnail","hentry","category-al-dia","tag-emeterio-carrillo","tag-informacion","tag-municipalidad","tag-noticias","tag-osorno","tag-region-de-los-lagos","tag-santo-tomas-2","tag-semanario-local"],"_links":{"self":[{"href":"https:\/\/www.semanariolocal.cl\/index.php?rest_route=\/wp\/v2\/posts\/14011","targetHints":{"allow":["GET"]}}],"collection":[{"href":"https:\/\/www.semanariolocal.cl\/index.php?rest_route=\/wp\/v2\/posts"}],"about":[{"href":"https:\/\/www.semanariolocal.cl\/index.php?rest_route=\/wp\/v2\/types\/post"}],"author":[{"embeddable":true,"href":"https:\/\/www.semanariolocal.cl\/index.php?rest_route=\/wp\/v2\/users\/1"}],"replies":[{"embeddable":true,"href":"https:\/\/www.semanariolocal.cl\/index.php?rest_route=%2Fwp%2Fv2%2Fcomments&post=14011"}],"version-history":[{"count":1,"href":"https:\/\/www.semanariolocal.cl\/index.php?rest_route=\/wp\/v2\/posts\/14011\/revisions"}],"predecessor-version":[{"id":14013,"href":"https:\/\/www.semanariolocal.cl\/index.php?rest_route=\/wp\/v2\/posts\/14011\/revisions\/14013"}],"wp:featuredmedia":[{"embeddable":true,"href":"https:\/\/www.semanariolocal.cl\/index.php?rest_route=\/wp\/v2\/media\/14012"}],"wp:attachment":[{"href":"https:\/\/www.semanariolocal.cl\/index.php?rest_route=%2Fwp%2Fv2%2Fmedia&parent=14011"}],"wp:term":[{"taxonomy":"category","embeddable":true,"href":"https:\/\/www.semanariolocal.cl\/index.php?rest_route=%2Fwp%2Fv2%2Fcategories&post=14011"},{"taxonomy":"post_tag","embeddable":true,"href":"https:\/\/www.semanariolocal.cl\/index.php?rest_route=%2Fwp%2Fv2%2Ftags&post=14011"}],"curies":[{"name":"wp","href":"https:\/\/api.w.org\/{rel}","templated":true}]}}