{"id":14004,"date":"2023-08-10T10:21:10","date_gmt":"2023-08-10T14:21:10","guid":{"rendered":"https:\/\/www.semanariolocal.cl\/?p=14004"},"modified":"2023-08-10T10:21:11","modified_gmt":"2023-08-10T14:21:11","slug":"se-realizo-lanzamiento-2023-del-programa-icec-los-lagos-de-mineduc","status":"publish","type":"post","link":"https:\/\/www.semanariolocal.cl\/?p=14004","title":{"rendered":"Se realiz\u00f3 lanzamiento 2023 del programa ICEC Los Lagos de MINEDUC"},"content":{"rendered":"\n<p>El viernes 4 de agosto en el Aula Magna 2 del Campus Pelluco de la Universidad Austral de Chile (UACh) Sede Puerto Montt se realiz\u00f3 la&nbsp;<strong>Ceremonia Lanzamiento 2023 del Programa de Indagaci\u00f3n Cient\u00edfica para&nbsp;la Educaci\u00f3n (ICEC) Los Lagos Continental<\/strong>, evento con el que se dio inicio a las actividades del convenio entre el Ministerio de Educaci\u00f3n y la Sede universitaria, siendo implementado en la regi\u00f3n de Los Lagos por el Centro de Docencia Superior en Ciencias B\u00e1sicas (CiBa) UACh.<\/p>\n\n\n\n<p>La ceremonia fue encabezada por la Vicerrectora de la Sede Puerto Montt UACh Dra. Marcela Astorga Opazo, la Seremi de Educaci\u00f3n Daniela Carvacho D\u00edaz y la Coordinadora del \u00c1rea Estrat\u00e9gica de Aprendizajes para el Siglo XXI de la Divisi\u00f3n de Educaci\u00f3n General del Mineduc, Mar\u00eda Ang\u00e9lica Mena Silva, junto a docentes de establecimientos educacionales de toda la regi\u00f3n y el equipo t\u00e9cnico que desarrolla el programa.<\/p>\n\n\n\n<p>La casa de estudios implementa el programa ICEC en las regiones de Los R\u00edos y Los Lagos desde el a\u00f1o 2015, a trav\u00e9s de la Facultad de Ciencias. En el periodo 2023 &#8211; 2024, la Sede Puerto Montt, coordinar\u00e1 la versi\u00f3n de la regi\u00f3n de Los Lagos continental y la versi\u00f3n de la provincia de Chilo\u00e9.<\/p>\n\n\n\n<p>En su intervenci\u00f3n la Seremi regi\u00f3n de Los Lagos, Daniela Carvacho, se refiri\u00f3 al programa ICEC y la oportunidad de las y los docentes en formarse con herramientas que les permitan desarrollar la educaci\u00f3n cient\u00edfica sinti\u00e9ndose seguras y seguros con herramientas que les permitan decir que son capaces de llevar a cabo una tarea como esta, porque esta tarea el ministerio no la hacemos solos, en nombre del Ministro de Educaci\u00f3n Marco Antonio \u00c1vila y Presidente Gabriel Boric, les agradezco por su tiempo, por su compromiso y dedicaci\u00f3n&nbsp; y agradezco a la Universidad Austral por cumplir este rol p\u00fablico tan fundamental y por ser un motor de conocimientos y saberes en esta regi\u00f3n de Los Lagos\u201d.<\/p>\n\n\n\n<p>La Vicerrectora de la Sede Puerto Montt UACh, Dra. Marcela Astorga Opazo, valor\u00f3 esta iniciativa y junto con saludar, dio la bienvenida a los 47 docentes de la regi\u00f3n que participar\u00e1n en el Programa, \u201custedes profesores ahora ser\u00e1n estudiantes haciendo un diplomado de la Universidad Austral de Chile, gracias a esta vinculaci\u00f3n que tenemos con el Ministerio de Educaci\u00f3n que financia esta formaci\u00f3n tenemos esta oportunidad de vincularnos. Cada vez es m\u00e1s necesaria la formaci\u00f3n continua ya que estamos en un mundo din\u00e1mico donde el conocimiento cambia constantemente y nosotros necesitamos m\u00e1s all\u00e1 de los datos, esta otra forma de ense\u00f1ar, donde ustedes van a poder generar este cambio en su formaci\u00f3n para poder transmitirlo a sus estudiantes\u201d. Por otra parte, enfatiz\u00f3 la tem\u00e1tica de la especializaci\u00f3n que es la ciencia y la importancia que tiene desde las instancias m\u00e1s iniciales de la formaci\u00f3n de los estudiantes desde peque\u00f1os tanto en la forma de pensar que utiliza el m\u00e9todo cient\u00edfico, a trav\u00e9s de la racionalidad que permite discriminar la informaci\u00f3n.<\/p>\n\n\n\n<p>Debido a la relevancia de este programa se cont\u00f3 en la ceremonia con la Coordinadora del \u00c1rea Estrat\u00e9gica de Aprendizajes para el siglo XXI del MINEDUC, Mar\u00eda Ang\u00e9lica Mena, quien entreg\u00f3 tambi\u00e9n un saludo en representaci\u00f3n de la Jefa de Divisi\u00f3n General de Educaci\u00f3n.<\/p>\n\n\n\n<p>De parte del equipo ejecutor, Dr. Jos\u00e9 N\u00fa\u00f1ez, como Coordinador Institucional, contextualiz\u00f3 el programa y el para qu\u00e9 es necesario y la Coordinadora General del Programa en la Regi\u00f3n de Los Lagos, Mg. Claudia Zil Bontes, Directora del CiBa, recorri\u00f3 el sitio web del programa entregando informaci\u00f3n del equipo y de sus actividades.<\/p>\n\n\n\n<p>En el contexto de la ceremonia se reconoci\u00f3 la labor que est\u00e1n desarrollando docentes de las provincias de Osorno y Llanquihue, quienes han mantenido el compromiso generado cuando participaron del programa, conformando ahora una Comunidad de Aprendizaje. Se trat\u00f3 de: Jenny Ampuero Mercegu\u00e9, Marlene Fuentes Jaramillo, Andrea Hern\u00e1ndez Caro, Francis Jipoulou Ruiz, Maria Cristina Levin Inostroza, Ingrid Mu\u00f1oz Vera, Claudia Retamales Castelletto, Nayarette Soto Moreira, Geni Videla Arevalo, Jocelyn Ya\u00f1ez Mol,<\/p>\n\n\n\n<p>Se cont\u00f3 con un punto art\u00edstico de Vinculaci\u00f3n con las Artes y las Culturas de la Sede UACh, con una selecci\u00f3n de Anna Bonn, tercera sonata en si bemol mayor, interpretada por los docentes Aracely Rojas en chelo y Edgar Girtain en flauta traversa.<\/p>\n\n\n\n<p>El viernes 11 de agosto se realizar\u00e1 la Ceremonia de Lanzamiento de la versi\u00f3n que se ejecutar\u00e1 en la Provincia de Chilo\u00e9.<\/p>\n\n\n\n<h3 class=\"wp-block-heading\"><strong>El programa ICEC<\/strong><\/h3>\n\n\n\n<p>El&nbsp;Programa ICEC es una iniciativa de innovaci\u00f3n pedag\u00f3gica orientada a la mejora de la calidad de la educaci\u00f3n en ciencias en escuelas y liceos p\u00fablicos de todo Chile, a trav\u00e9s de la implementaci\u00f3n de la indagaci\u00f3n cient\u00edfica como enfoque pedag\u00f3gico, que se desarrolla en el marco del Plan de Reactivaci\u00f3n Educativa 2023.<\/p>\n\n\n\n<p>El objetivo principal es aportar al mejoramiento de la calidad de la educaci\u00f3n en ciencias&nbsp;con una estrategia innovadora. Para ello re\u00fane a docentes de establecimientos p\u00fablicos de tres niveles educativos (educaci\u00f3n parvularia y diferencial, educaci\u00f3n b\u00e1sica y educaci\u00f3n media) para reflexionar sobre la ense\u00f1anza de las ciencias desde una mirada que considera la trayectoria de los aprendizajes en ciencias en los estudiantes. tambi\u00e9n fomenta la autonom\u00eda docente en la gesti\u00f3n del curr\u00edculum de ciencias naturales, mediante el trabajo colaborativo y el establecimiento de comunidades de aprendizaje regionales.<\/p>\n\n\n\n<p>Para lograr su objetivo, el programa ICEC contempla el desarrollo de m\u00faltiples actividades lideradas por un equipo de gesti\u00f3n y acad\u00e9mico conformado principalmente por integrantes de la Sede Puerto Montt UACh y de la comunidad educativa de la regi\u00f3n de Los Lagos.<\/p>\n\n\n\n<p>Durante la implementaci\u00f3n de versiones anteriores del programa ICEC se han construido comunidades de aprendizaje, conformadas por profesores y profesoras, cuyo objetivo es mantener en el tiempo iniciativas que promuevan el desarrollo de las ciencias en sus localidades.<\/p>\n","protected":false},"excerpt":{"rendered":"<p>En este periodo se becar\u00e1 con una especializaci\u00f3n a profesorado de la regi\u00f3n que desarrolla el programa, fortaleciendo su trabajo en docencia de las ciencias.<\/p>\n","protected":false},"author":1,"featured_media":14005,"comment_status":"closed","ping_status":"closed","sticky":false,"template":"","format":"standard","meta":{"footnotes":""},"categories":[3],"tags":[],"class_list":["post-14004","post","type-post","status-publish","format-standard","has-post-thumbnail","hentry","category-al-dia"],"_links":{"self":[{"href":"https:\/\/www.semanariolocal.cl\/index.php?rest_route=\/wp\/v2\/posts\/14004","targetHints":{"allow":["GET"]}}],"collection":[{"href":"https:\/\/www.semanariolocal.cl\/index.php?rest_route=\/wp\/v2\/posts"}],"about":[{"href":"https:\/\/www.semanariolocal.cl\/index.php?rest_route=\/wp\/v2\/types\/post"}],"author":[{"embeddable":true,"href":"https:\/\/www.semanariolocal.cl\/index.php?rest_route=\/wp\/v2\/users\/1"}],"replies":[{"embeddable":true,"href":"https:\/\/www.semanariolocal.cl\/index.php?rest_route=%2Fwp%2Fv2%2Fcomments&post=14004"}],"version-history":[{"count":1,"href":"https:\/\/www.semanariolocal.cl\/index.php?rest_route=\/wp\/v2\/posts\/14004\/revisions"}],"predecessor-version":[{"id":14006,"href":"https:\/\/www.semanariolocal.cl\/index.php?rest_route=\/wp\/v2\/posts\/14004\/revisions\/14006"}],"wp:featuredmedia":[{"embeddable":true,"href":"https:\/\/www.semanariolocal.cl\/index.php?rest_route=\/wp\/v2\/media\/14005"}],"wp:attachment":[{"href":"https:\/\/www.semanariolocal.cl\/index.php?rest_route=%2Fwp%2Fv2%2Fmedia&parent=14004"}],"wp:term":[{"taxonomy":"category","embeddable":true,"href":"https:\/\/www.semanariolocal.cl\/index.php?rest_route=%2Fwp%2Fv2%2Fcategories&post=14004"},{"taxonomy":"post_tag","embeddable":true,"href":"https:\/\/www.semanariolocal.cl\/index.php?rest_route=%2Fwp%2Fv2%2Ftags&post=14004"}],"curies":[{"name":"wp","href":"https:\/\/api.w.org\/{rel}","templated":true}]}}