{"id":13998,"date":"2023-08-09T23:04:31","date_gmt":"2023-08-10T03:04:31","guid":{"rendered":"https:\/\/www.semanariolocal.cl\/?p=13998"},"modified":"2023-08-09T23:04:32","modified_gmt":"2023-08-10T03:04:32","slug":"sernatur-primer-servicio-publico-de-la-region-den-sumarse-a-programa-estado-verde","status":"publish","type":"post","link":"https:\/\/www.semanariolocal.cl\/?p=13998","title":{"rendered":"SERNATUR: primer servicio p\u00fablico de la Regi\u00f3n den sumarse a programa \u201cEstado Verde\u201d"},"content":{"rendered":"\n<p>El Servicio Nacional de Turismo se convirti\u00f3 en la primera instituci\u00f3n p\u00fablica de la regi\u00f3n de Los Lagos en adscribir al programa Estado Verde que coordina el ministerio del Medio Ambiente y que adem\u00e1s, gracias al trabajo desarrollado por su Comit\u00e9 de Estado Verde les ha permitido alcanzar la acreditaci\u00f3n.<\/p>\n\n\n\n<p>Estado Verde es un programa de acreditaci\u00f3n que desarrolla el Ministerio del Medio Ambiente que busca promover que las instituciones p\u00fablicas incorporen pol\u00edticas y pr\u00e1cticas amigables con el medio ambiente, as\u00ed como de conservaci\u00f3n de los recursos, tanto en la administraci\u00f3n de las dependencias f\u00edsicas, como en la gesti\u00f3n de los procesos administrativos.<\/p>\n\n\n\n<p>Seg\u00fan el reporte del ministerio, dieron cumplimiento a un 100% de los requerimientos para cumplir con la etapa de acreditaci\u00f3n del programa que considera la implementaci\u00f3n del plan anual establecido, considerando la ejecuci\u00f3n de acciones relacionadas a consumo de papel, manejo de residuos, eficiencia energ\u00e9tica e h\u00eddrica, compras sustentables y educaci\u00f3n, entre otros campos.<\/p>\n\n\n\n<p>En el marco de la actividad, la Seremi Carola Iturriaga, reiter\u00f3 que el objetivo del programa es empoderar a los funcionarios para que incorporen en sus h\u00e1bitos y conductas laborales la variable ambiental, disminuyendo su huella de carbono, generando planes de educaci\u00f3n y contribuir progresivamente a la gesti\u00f3n sustentable de los organismos estatales. \u201cHoy se le entreg\u00f3 el reconocimiento de estado verde a Sernatur los Lagos, el primer servicio p\u00fablico de la regi\u00f3n que recibe esta acreditaci\u00f3n, luego de un proceso que se vino desarrollando desde el a\u00f1o 2022, con el comit\u00e9 ambiental que se form\u00f3. Esperamos sea un ejemplo y una referencia para todas las instituciones p\u00fablicas, que ahora tenemos que implementar en nuestros servicios luego que el presidente Gabriel Boric lo haya determinado. Felicitamos a Sernatur los Lagos por este logro, que ha sido posible gracias a su equipo y que todas las acciones que est\u00e1n implementando a nivel de instituci\u00f3n, tambi\u00e9n son r\u00e9plicas en su familia y en sus comunidades, tambi\u00e9n es importante como Sernatur se transforma en un referente en la implementaci\u00f3n de este programa estado verde\u201d, indic\u00f3.<\/p>\n\n\n\n<p>Entre las medidas que tom\u00f3 la instituci\u00f3n para lograr esta acreditaci\u00f3n se cuenta la confecci\u00f3n de diferentes dec\u00e1logos de socializaci\u00f3n interna y el establecimiento de un punto de acopio para papel y cart\u00f3n. &nbsp;As\u00ed mismo, para el manejo de residuos generales se realiza separaci\u00f3n de basura; consumos de agua y luz, por medio de acciones tan b\u00e1sicas como el uso de termos y comprar aireadoras. Se promueve el transporte compartido y se privilegia la compra de productos sustentables, entre otras medidas.<\/p>\n\n\n\n<p>El Director de Sernatur Los lagos, Iv\u00e1n P\u00e9rez Mu\u00f1oz destac\u00f3 la posibilidad de extender esta iniciativa a otros servicios; \u201cse\u00f1alar que es un logro \u00e9tico de nuestros funcionarios y funcionarias, que voluntariamente han accedido a esta distinci\u00f3n. Esta certificaci\u00f3n es un desaf\u00edo, tambi\u00e9n mantenerlo y replicar a los otros servicios a nivel regional y nacional, para lo que estamos disponibles, con todos nuestros oficios para que esta buena pr\u00e1ctica se visibilice, creo que enaltece el rol de funcionario p\u00fablico, estamos muy orgullosos y pensamos que vamos a tener un rol con los colegas de otras regiones, para aportarles los insumos para lograr esto\u201d, finaliz\u00f3.<\/p>\n","protected":false},"excerpt":{"rendered":"<p>La Direcci\u00f3n Regional de Sernatur Los Lagos se convirti\u00f3 en el primer servicio p\u00fablico de la regi\u00f3n en acreditarse en el programa \u201cEstado Verde\u201d que impulsa el Ministerio de Medio Ambiente para la administraci\u00f3n p\u00fablica y sus funcionarios.<\/p>\n","protected":false},"author":1,"featured_media":13999,"comment_status":"closed","ping_status":"closed","sticky":false,"template":"","format":"standard","meta":{"footnotes":""},"categories":[3],"tags":[337,273,132,247,133],"class_list":["post-13998","post","type-post","status-publish","format-standard","has-post-thumbnail","hentry","category-al-dia","tag-informacion","tag-noticias","tag-osorno","tag-region-de-los-lagos","tag-semanario-local"],"_links":{"self":[{"href":"https:\/\/www.semanariolocal.cl\/index.php?rest_route=\/wp\/v2\/posts\/13998","targetHints":{"allow":["GET"]}}],"collection":[{"href":"https:\/\/www.semanariolocal.cl\/index.php?rest_route=\/wp\/v2\/posts"}],"about":[{"href":"https:\/\/www.semanariolocal.cl\/index.php?rest_route=\/wp\/v2\/types\/post"}],"author":[{"embeddable":true,"href":"https:\/\/www.semanariolocal.cl\/index.php?rest_route=\/wp\/v2\/users\/1"}],"replies":[{"embeddable":true,"href":"https:\/\/www.semanariolocal.cl\/index.php?rest_route=%2Fwp%2Fv2%2Fcomments&post=13998"}],"version-history":[{"count":1,"href":"https:\/\/www.semanariolocal.cl\/index.php?rest_route=\/wp\/v2\/posts\/13998\/revisions"}],"predecessor-version":[{"id":14000,"href":"https:\/\/www.semanariolocal.cl\/index.php?rest_route=\/wp\/v2\/posts\/13998\/revisions\/14000"}],"wp:featuredmedia":[{"embeddable":true,"href":"https:\/\/www.semanariolocal.cl\/index.php?rest_route=\/wp\/v2\/media\/13999"}],"wp:attachment":[{"href":"https:\/\/www.semanariolocal.cl\/index.php?rest_route=%2Fwp%2Fv2%2Fmedia&parent=13998"}],"wp:term":[{"taxonomy":"category","embeddable":true,"href":"https:\/\/www.semanariolocal.cl\/index.php?rest_route=%2Fwp%2Fv2%2Fcategories&post=13998"},{"taxonomy":"post_tag","embeddable":true,"href":"https:\/\/www.semanariolocal.cl\/index.php?rest_route=%2Fwp%2Fv2%2Ftags&post=13998"}],"curies":[{"name":"wp","href":"https:\/\/api.w.org\/{rel}","templated":true}]}}