{"id":13995,"date":"2023-08-09T22:59:46","date_gmt":"2023-08-10T02:59:46","guid":{"rendered":"https:\/\/www.semanariolocal.cl\/?p=13995"},"modified":"2023-08-09T22:59:47","modified_gmt":"2023-08-10T02:59:47","slug":"diputada-nuyado-califico-de-grave-deuda-de-7-mil-millones-en-impuestos-de-empresas-telefonicas","status":"publish","type":"post","link":"https:\/\/www.semanariolocal.cl\/?p=13995","title":{"rendered":"Diputada Nuyado calific\u00f3 de grave deuda de 7 mil millones en impuestos de empresas telef\u00f3nicas"},"content":{"rendered":"\n<p>La Diputada de la Comisi\u00f3n de Transportes y Telecomunicaciones, Emilia Nuyado, calific\u00f3 como un hecho grave el que el Estado no haya cobrado durante 10 a\u00f1os el cobro de impuestos a las telef\u00f3nicas.<\/p>\n\n\n\n<p>En este sentido la parlamentaria indic\u00f3 que \u00ab<strong>al constatar los montos que se adeudan al Estado, nos parece de una irresponsabilidad tremenda y de una negligencia inexcusable lo que ha pasado\u00bb.<\/strong><\/p>\n\n\n\n<p><strong>\u00abHoy estamos justamente en una discusi\u00f3n de c\u00f3mo fortalecer al Estado mediante grav\u00e1menes y parece una burla que por falta de equipo o personal id\u00f3neo se hayan olvidado de hacer cobros. La mayor\u00eda de los chilenos pagan sus impuestos como corresponde, por eso nos parece al menos ins\u00f3lito que empresas gigantes de la telecomunicaciones hoy desconozcan la deuda\u00bb<\/strong>, dijo la diputada .<\/p>\n\n\n\n<p>Sobre este mismo punto, Emilia Nuyado, valor\u00f3 la determinaci\u00f3n de la actual administraci\u00f3n de la Subsecretar\u00eda de telecomunicaciones que opt\u00f3 por autodenunciarse al enterarse de este esc\u00e1ndalo, pero advirti\u00f3 que el Presupuesto del pr\u00f3ximo a\u00f1o debe contar con suficientes recursos para fiscalizar y cobrar las deudas que hay con el Estado tanto esta, como en otras instituciones.<\/p>\n\n\n\n<p><strong>\u00abHoy el Estado requiere de recursos urgentes para llevar adelante sus pol\u00edticas sociales y por eso todas las reparticiones deben tener una unidad especializada para realizar estas gestiones. No podemos darnos el lujo de permitir grandes empresas de telecomunicaciones eludan sus responsabilidades. Pero tambi\u00e9n nos parece una tremenda patudez que grandes compa\u00f1\u00edas que han ganado millones de d\u00f3lares por a\u00f1o, hoy desconozcan la deuda\u00bb;<\/strong> concluy\u00f3 Emilia Nuyado<\/p>\n","protected":false},"excerpt":{"rendered":"<p>La parlamentaria valor\u00f3 que la entidad haya tomado la decisi\u00f3n de iniciar sumarios internos aunque precis\u00f3 que hay una negligencia inexcusable el no contar con personal adecuado.<\/p>\n","protected":false},"author":1,"featured_media":13996,"comment_status":"closed","ping_status":"closed","sticky":false,"template":"","format":"standard","meta":{"footnotes":""},"categories":[3],"tags":[187,458,337,273,132,247,133],"class_list":["post-13995","post","type-post","status-publish","format-standard","has-post-thumbnail","hentry","category-al-dia","tag-diputado","tag-distrito-25","tag-informacion","tag-noticias","tag-osorno","tag-region-de-los-lagos","tag-semanario-local"],"_links":{"self":[{"href":"https:\/\/www.semanariolocal.cl\/index.php?rest_route=\/wp\/v2\/posts\/13995","targetHints":{"allow":["GET"]}}],"collection":[{"href":"https:\/\/www.semanariolocal.cl\/index.php?rest_route=\/wp\/v2\/posts"}],"about":[{"href":"https:\/\/www.semanariolocal.cl\/index.php?rest_route=\/wp\/v2\/types\/post"}],"author":[{"embeddable":true,"href":"https:\/\/www.semanariolocal.cl\/index.php?rest_route=\/wp\/v2\/users\/1"}],"replies":[{"embeddable":true,"href":"https:\/\/www.semanariolocal.cl\/index.php?rest_route=%2Fwp%2Fv2%2Fcomments&post=13995"}],"version-history":[{"count":1,"href":"https:\/\/www.semanariolocal.cl\/index.php?rest_route=\/wp\/v2\/posts\/13995\/revisions"}],"predecessor-version":[{"id":13997,"href":"https:\/\/www.semanariolocal.cl\/index.php?rest_route=\/wp\/v2\/posts\/13995\/revisions\/13997"}],"wp:featuredmedia":[{"embeddable":true,"href":"https:\/\/www.semanariolocal.cl\/index.php?rest_route=\/wp\/v2\/media\/13996"}],"wp:attachment":[{"href":"https:\/\/www.semanariolocal.cl\/index.php?rest_route=%2Fwp%2Fv2%2Fmedia&parent=13995"}],"wp:term":[{"taxonomy":"category","embeddable":true,"href":"https:\/\/www.semanariolocal.cl\/index.php?rest_route=%2Fwp%2Fv2%2Fcategories&post=13995"},{"taxonomy":"post_tag","embeddable":true,"href":"https:\/\/www.semanariolocal.cl\/index.php?rest_route=%2Fwp%2Fv2%2Ftags&post=13995"}],"curies":[{"name":"wp","href":"https:\/\/api.w.org\/{rel}","templated":true}]}}