{"id":13992,"date":"2023-08-05T10:49:00","date_gmt":"2023-08-05T14:49:00","guid":{"rendered":"https:\/\/www.semanariolocal.cl\/?p=13992"},"modified":"2023-08-09T22:53:57","modified_gmt":"2023-08-10T02:53:57","slug":"la-fiesta-del-chorito-llego-hasta-osorno-a-motivar-su-consumo-en-los-escolares","status":"publish","type":"post","link":"https:\/\/www.semanariolocal.cl\/?p=13992","title":{"rendered":"La fiesta del Chorito lleg\u00f3 hasta Osorno a motivar su consumo en los escolares"},"content":{"rendered":"\n<p>La Fiesta del Chorito o \u201cChoriFest\u201d lleg\u00f3 con magia y juegos, junto a su mascota \u201cDon Chori\u201d, hasta la Escuela de las Artes y Cultura de Osorno para continuar motivando el consumo de este noble molusco en los escolares de la regi\u00f3n de Los Lagos.<\/p>\n\n\n\n<p>&nbsp;La idea es que la poblaci\u00f3n escolar conozca los m\u00faltiples beneficios que conlleva consumir mejillones o choritos e incentivar su consumo dentro de su dieta diaria. Una iniciativa que ya cuenta con una serie de fechas para recorrer diversos colegios de la regi\u00f3n y que es organizada en conjunto por el Programa Estrat\u00e9gico Regional (PER) del Mejill\u00f3n de Chile, operado por Corfo Los Lagos y JUNAEB, con el apoyo de las concesionarias de alimentos y las comunidades educativas.<\/p>\n\n\n\n<p>\u201cHemos estado trabajando por muchos a\u00f1os con JUNAEB y con las empresas concesionarias de alimentos para poner a disposici\u00f3n los mejores productos de la regi\u00f3n en los programas de alimentaci\u00f3n escolar. Esta es la tercera fiesta del chorito que realizamos luego de su reincorporaci\u00f3n en los establecimientos educacionales adscritos a este programa, anteriormente estuvimos en la Escuela Diferencial Los Eucaliptus de Puerto Montt y tambi\u00e9n en Quemchi, en la Escuela Rural Aucar junto con St. Andrews. Pr\u00f3ximamente estaremos promoviendo el consumo del chorito en establecimientos educacionales de Calbuco, Castro y Hornopir\u00e9n, entre otros\u201d, se\u00f1al\u00f3 Javier Aros, Gerente del PER Mejill\u00f3n de Corfo.<\/p>\n\n\n\n<p>Durante la jornada, los estudiantes, profesoras y autoridades pudieron degustar de la minuta correspondiente a una ensalada de tomate, fideos integrales con salsa de chorito y una manzana. A nivel provincial el Programa de Alimentaci\u00f3n Escolar (PAES) llega a&nbsp;195 establecimientos educacionales con un aproximado de dos mil 800 almuerzos.<\/p>\n\n\n\n<p>Rosa Machado, Delegada de la Oficina Provincial Osorno de JUNAEB, destac\u00f3 que \u201clos productos del mar son importantes en la alimentaci\u00f3n escolar. Nosotros nos preocupamos de trabajar la educaci\u00f3n alimentaria con los ni\u00f1os y esta es una instancia ideal para desarrollar este tipo de procesos, que ellos conozcan un tipo de producto, tal vez un poco distinto pero que tiene una pertenencia territorial\u201d. Agreg\u00f3 que \u201cla aceptabilidad del chorito ha sido buena, nosotros hemos estado trabajando en ello, porque la minuta generalmente se prepara con fideos, que es un alimento llamativo para el estudiante, y lo hacemos con una salsa de choritos, pero generalmente se realiza con un carbohidrato\u201d.<\/p>\n\n\n\n<p>En la actividad los estudiantes&nbsp;presentaron&nbsp;dos n\u00fameros art\u00edsticos a las autoridades presentes que destacaron la promoci\u00f3n del consumo de choritos.&nbsp;As\u00ed lo&nbsp;destac\u00f3 la&nbsp;Delegada&nbsp;Presidencial Provincial de Osorno Claudia Paillalef que destac\u00f3 la iniciativa como importante iniciativa para promover en los escolares el consumo de productos del mar. \u201cSiempre es positivo generar estas instancias en los distintos establecimientos educacionales, ya que existe de parte del Estado y la red, un esfuerzo no s\u00f3lo de car\u00e1cter presupuestario sino que tambi\u00e9n desde la preparaci\u00f3n con mucho cari\u00f1o de los alimentos. Por lo tanto, es muy relevante que todos los ni\u00f1os y ni\u00f1as puedan consumirlos, porque es una dieta absolutamente&nbsp;preparada&nbsp;y equilibrada desde el punto de vista de los nutrientes que necesitan\u201d, puntualiz\u00f3.<\/p>\n\n\n\n<p>En el \u00abChoriFest\u00bb, que promueve el consumo de&nbsp;esta&nbsp;sana y nutritiva prote\u00edna, los escolares disfrutaron de un baile entretenido, baile entretenido, concursos, selfies con la mascota del Mejill\u00f3n de Chile y un show de magia con la participaci\u00f3n especial de \u201cDon Chori\u201d.<\/p>\n\n\n\n<p>Las actividades contin\u00faan una vez al mes en otras comunas de la regi\u00f3n de Los Lagos donde se desarrollar\u00e1 la fiesta escolar del mejill\u00f3n chileno, difundiendo&nbsp;<strong>el valor nutricional del chorito en la comunidad educativa y reforzando, adem\u00e1s, la aceptabilidad de la raci\u00f3n alimenticia que entrega mensualmente a los planteles adscritos al Programa de Alimentaci\u00f3n Escolar (PAE).<\/strong><\/p>\n","protected":false},"excerpt":{"rendered":"<p>La \u201cChorifest\u201d se desarroll\u00f3 en la Escuela de las Artes y Cultura. La actividad es realizada por el Programa Estrat\u00e9gico Regional de Mejill\u00f3n de Chile, operado por Corfo Los Lagos y JUNAEB para promover el consumo de esta rica y sana prote\u00edna.<\/p>\n","protected":false},"author":1,"featured_media":13993,"comment_status":"closed","ping_status":"closed","sticky":false,"template":"","format":"standard","meta":{"footnotes":""},"categories":[3],"tags":[],"class_list":["post-13992","post","type-post","status-publish","format-standard","has-post-thumbnail","hentry","category-al-dia"],"_links":{"self":[{"href":"https:\/\/www.semanariolocal.cl\/index.php?rest_route=\/wp\/v2\/posts\/13992","targetHints":{"allow":["GET"]}}],"collection":[{"href":"https:\/\/www.semanariolocal.cl\/index.php?rest_route=\/wp\/v2\/posts"}],"about":[{"href":"https:\/\/www.semanariolocal.cl\/index.php?rest_route=\/wp\/v2\/types\/post"}],"author":[{"embeddable":true,"href":"https:\/\/www.semanariolocal.cl\/index.php?rest_route=\/wp\/v2\/users\/1"}],"replies":[{"embeddable":true,"href":"https:\/\/www.semanariolocal.cl\/index.php?rest_route=%2Fwp%2Fv2%2Fcomments&post=13992"}],"version-history":[{"count":1,"href":"https:\/\/www.semanariolocal.cl\/index.php?rest_route=\/wp\/v2\/posts\/13992\/revisions"}],"predecessor-version":[{"id":13994,"href":"https:\/\/www.semanariolocal.cl\/index.php?rest_route=\/wp\/v2\/posts\/13992\/revisions\/13994"}],"wp:featuredmedia":[{"embeddable":true,"href":"https:\/\/www.semanariolocal.cl\/index.php?rest_route=\/wp\/v2\/media\/13993"}],"wp:attachment":[{"href":"https:\/\/www.semanariolocal.cl\/index.php?rest_route=%2Fwp%2Fv2%2Fmedia&parent=13992"}],"wp:term":[{"taxonomy":"category","embeddable":true,"href":"https:\/\/www.semanariolocal.cl\/index.php?rest_route=%2Fwp%2Fv2%2Fcategories&post=13992"},{"taxonomy":"post_tag","embeddable":true,"href":"https:\/\/www.semanariolocal.cl\/index.php?rest_route=%2Fwp%2Fv2%2Ftags&post=13992"}],"curies":[{"name":"wp","href":"https:\/\/api.w.org\/{rel}","templated":true}]}}