{"id":13989,"date":"2023-08-09T13:27:20","date_gmt":"2023-08-09T17:27:20","guid":{"rendered":"https:\/\/www.semanariolocal.cl\/?p=13989"},"modified":"2023-08-09T13:27:21","modified_gmt":"2023-08-09T17:27:21","slug":"realizan-1era-jornada-regional-para-residencias-de-atencion-de-ninos-ninas-y-adolescentes","status":"publish","type":"post","link":"https:\/\/www.semanariolocal.cl\/?p=13989","title":{"rendered":"Realizan 1era jornada regional para residencias de atenci\u00f3n de ni\u00f1os, ni\u00f1as y adolescentes"},"content":{"rendered":"\n<p>Hasta la capital regional se trasladaron los directores (as) y equipos t\u00e9cnicos de las 15 residencias que se encuentran desplegadas en el territorio para analizar tem\u00e1ticas referentes al cuidado y la protecci\u00f3n de los 253 ni\u00f1os, ni\u00f1as y adolescentes entre los 0 a 17 a\u00f1os, que en la actualidad se encuentran en bajo medidas de protecci\u00f3n en el sistema de cuidado alternativo residencial.<\/p>\n\n\n\n<p>Enzo Jaramillo Hott, Seremi de Desarrollo Social y Familia, enfatiz\u00f3 que \u201ccomo Ministerio de Desarrollo Social y Familia estamos trabajando mediante nuestro Servicio de Protecci\u00f3n Especializada \u201cMejor Ni\u00f1ez\u201d diferentes tem\u00e1ticas que permitan abordar de manera integral acciones con impacto positivo en la calidad de vida de las ni\u00f1as, ni\u00f1os y adolescentes que son partes de los dispositivos. Con este encuentro regional de residencias, estamos sentando bases para para formar nuevas alianzas y en algunos casos, fortalecerlas. Como Gobierno estamos convencidos que es fundamental el trabajo articulado, con informaci\u00f3n clara y protocolos que permitan estrategias colaborativas en esta materia\u201d.<\/p>\n\n\n\n<p>Pedro Adrians, Director regional del Servicio de Protecci\u00f3n Especializada a la Ni\u00f1ez y Adolescencia Los Lagos, sostuvo que \u201csi bien cada residencia es un dispositivo que tiene sus particularidades, sus realidades que son propias. El desaf\u00edo como Direcci\u00f3n regional de Protecci\u00f3n Especializada radica en posicionar una mirada territorial, que entienda cu\u00e1les son aquellos \u00e1mbitos que desde la experiencia es necesario abordar y corregir, que hemos constatado que son tem\u00e1ticas transversales donde existe mucha comuni\u00f3n respecto de una parte del sentido de misi\u00f3n y vocaci\u00f3n, pero tambi\u00e9n de los desaf\u00edos, alertas y \u00e1mbitos de mejora que tenemos que robustecer y que algunos de ellos son resorte efectivamente de los proyectos y de sus organismos colaboradores, y otra es tarea que nosotros como direcci\u00f3n regional asumimos, que tambi\u00e9n nos desaf\u00eda a expandir las fronteras del Servicio y dialogar con el intersector\u201d.<\/p>\n\n\n\n<p>Finalmente, Pilar Lantadilla, Directora de la residencia familiar Reloncav\u00ed de Puerto Varas, manifest\u00f3 su apreciaci\u00f3n tras participar de la jornada.<\/p>\n\n\n\n<p>\u201cNos sirve mucho para conocernos con los colegas, para compartir nuestras experiencias, tambi\u00e9n nos permite ir decantando esto tan necesario y creo que ah\u00ed, el director regional, hace una muy buena apuesta a estar presentes y generar estos espacios que no es que sea una cr\u00edtica, sino que, pensando en mejorar, en como lo hacen ustedes como Servicio, pero tambi\u00e9n como mejoramos nosotros como organismos colaboradores. Y as\u00ed, escuch\u00e1ndonos, sabemos que somos los que estamos d\u00eda a d\u00eda con los ni\u00f1os, siempre en primera l\u00ednea y muchos de nosotros varios a\u00f1os, por lo que soy una convencida de que el trabajo que hacemos es muy importante y m\u00e1s a\u00fan si vamos mejorando cada d\u00eda\u201d.<\/p>\n\n\n\n<p>El Servicio de Protecci\u00f3n Especializada regional, desarrollar\u00e1 un nuevo encuentro durante el mes de noviembre de este a\u00f1o, donde se verificar\u00e1n las tareas y los avances de los acuerdos alcanzados en beneficio de los ni\u00f1os, ni\u00f1as y adolescentes.<\/p>\n","protected":false},"excerpt":{"rendered":"<p>En mesas de trabajo y con el apoyo de las unidades t\u00e9cnicas de la direcci\u00f3n regional se abordaron estrategias colaborativas para mejorar los est\u00e1ndares en la protecci\u00f3n integral. <\/p>\n","protected":false},"author":1,"featured_media":13990,"comment_status":"closed","ping_status":"closed","sticky":false,"template":"","format":"standard","meta":{"footnotes":""},"categories":[3,11],"tags":[],"class_list":["post-13989","post","type-post","status-publish","format-standard","has-post-thumbnail","hentry","category-al-dia","category-educacion"],"_links":{"self":[{"href":"https:\/\/www.semanariolocal.cl\/index.php?rest_route=\/wp\/v2\/posts\/13989","targetHints":{"allow":["GET"]}}],"collection":[{"href":"https:\/\/www.semanariolocal.cl\/index.php?rest_route=\/wp\/v2\/posts"}],"about":[{"href":"https:\/\/www.semanariolocal.cl\/index.php?rest_route=\/wp\/v2\/types\/post"}],"author":[{"embeddable":true,"href":"https:\/\/www.semanariolocal.cl\/index.php?rest_route=\/wp\/v2\/users\/1"}],"replies":[{"embeddable":true,"href":"https:\/\/www.semanariolocal.cl\/index.php?rest_route=%2Fwp%2Fv2%2Fcomments&post=13989"}],"version-history":[{"count":1,"href":"https:\/\/www.semanariolocal.cl\/index.php?rest_route=\/wp\/v2\/posts\/13989\/revisions"}],"predecessor-version":[{"id":13991,"href":"https:\/\/www.semanariolocal.cl\/index.php?rest_route=\/wp\/v2\/posts\/13989\/revisions\/13991"}],"wp:featuredmedia":[{"embeddable":true,"href":"https:\/\/www.semanariolocal.cl\/index.php?rest_route=\/wp\/v2\/media\/13990"}],"wp:attachment":[{"href":"https:\/\/www.semanariolocal.cl\/index.php?rest_route=%2Fwp%2Fv2%2Fmedia&parent=13989"}],"wp:term":[{"taxonomy":"category","embeddable":true,"href":"https:\/\/www.semanariolocal.cl\/index.php?rest_route=%2Fwp%2Fv2%2Fcategories&post=13989"},{"taxonomy":"post_tag","embeddable":true,"href":"https:\/\/www.semanariolocal.cl\/index.php?rest_route=%2Fwp%2Fv2%2Ftags&post=13989"}],"curies":[{"name":"wp","href":"https:\/\/api.w.org\/{rel}","templated":true}]}}