{"id":13986,"date":"2023-08-09T13:12:34","date_gmt":"2023-08-09T17:12:34","guid":{"rendered":"https:\/\/www.semanariolocal.cl\/?p=13986"},"modified":"2023-08-09T13:12:35","modified_gmt":"2023-08-09T17:12:35","slug":"mas-de-15-talleres-ha-realizado-programa-fndr-en-torno-a-la-violencia-contra-las-mujeres","status":"publish","type":"post","link":"https:\/\/www.semanariolocal.cl\/?p=13986","title":{"rendered":"M\u00e1s de 15 talleres ha realizado Programa FNDR en torno a la violencia contra las mujeres"},"content":{"rendered":"\n<p>En marzo de este a\u00f1o se implement\u00f3 el <strong><em>Programa Itinerante en sensibilizaci\u00f3n, prevenci\u00f3n y <\/em><\/strong><strong><em>atenci\u00f3n en violencias contra las mujeres<\/em><\/strong>, el cual tiene como fin contribuir a disminuir la violencia contra las mujeres en la regi\u00f3n de Los Lagos, a trav\u00e9s de una campa\u00f1a comunicacional y audiovisual con el slogan <strong>\u201cNO es broma, es violencia\u201d<\/strong>, adem\u00e1s de talleres y orientaciones individuales y grupales, considerando que al a\u00f1o 2022 la regi\u00f3n de Los Lagos tuvo el n\u00famero m\u00e1s alto de femicidios frustrados en el pa\u00eds.<\/p>\n\n\n\n<p>Por ello, el equipo profesional compuesto por psic\u00f3logas, asistentes sociales y una abogada, se encarga de ir a las zonas de San Juan de la Costa, Puyehue, Cocham\u00f3, Los Muermos, Quinchao y Quell\u00f3n con el fin de apoyar en tem\u00e1ticas de autoestima, autocuidado, autonom\u00eda, masculinidades, entre otros. Esto se impulsa a trav\u00e9s de actividades participativas, pero tambi\u00e9n con apoyo psicol\u00f3gico y jur\u00eddico que busca despejar dudas en temas relevantes como pensi\u00f3n de alimentos, tuici\u00f3n de familia, abandono de familia, entre otros.<\/p>\n\n\n\n<p>La raz\u00f3n por la que se ha focalizado estas zonas en la implementaci\u00f3n del Programa es para descentralizar la ejecuci\u00f3n que ya existe a trav\u00e9s de los Centros de la Mujer del SernamEG en la regi\u00f3n de Los Lagos, los cuales est\u00e1n ubicados en las capitales provinciales y regionales; y adem\u00e1s porque responden a la lamentable fuerte demanda de atenci\u00f3n en dichos sectores.<\/p>\n\n\n\n<p>\u201cEstamos conscientes de que existen muchos m\u00e1s territorios que requieren asistencia, y por eso hacemos todos los esfuerzos con los recursos que contamos. Esperamos poder seguir creciendo y as\u00ed responder a\u00fan m\u00e1s a la demanda que requiere la regi\u00f3n. Por ahora, estamos enfocadas en hacer lo mejor posible y as\u00ed se ha visto reflejado en la buena acogida que hemos visto por parte de nuestras usuarias\u201d, indic\u00f3 Jacqueline Ortiz, Jefa T\u00e9cnica del Programa y Directora de ONG TREKAN.<\/p>\n\n\n\n<p>Si eres de alguna de las comunas nombradas anteriormente, puedes escribir a <a href=\"mailto:vcmitineranteloslagos@ongtrekan.cl\">vcmitineranteloslagos@ongtrekan.cl<\/a> y solicitar m\u00e1s informaci\u00f3n, ya sea para talleres, capacitaciones o atenci\u00f3n. Tambi\u00e9n puedes solicitar las c\u00e1psulas audiovisuales y radiales si las requieres como material de apoyo o para difusi\u00f3n en tu instituci\u00f3n.<\/p>\n","protected":false},"excerpt":{"rendered":"<p>Las actividades ejecutadas por el Gobierno Regional y ONG TREKAN, se han llevado a cabo en seis comunas de la regi\u00f3n de Los Lagos y est\u00e1n dirigidas a hombres y a mujeres.<\/p>\n","protected":false},"author":1,"featured_media":13987,"comment_status":"closed","ping_status":"closed","sticky":false,"template":"","format":"standard","meta":{"footnotes":""},"categories":[3,9],"tags":[337,273,132,113,247,133],"class_list":["post-13986","post","type-post","status-publish","format-standard","has-post-thumbnail","hentry","category-al-dia","category-gobierno","tag-informacion","tag-noticias","tag-osorno","tag-puerto-montt","tag-region-de-los-lagos","tag-semanario-local"],"_links":{"self":[{"href":"https:\/\/www.semanariolocal.cl\/index.php?rest_route=\/wp\/v2\/posts\/13986","targetHints":{"allow":["GET"]}}],"collection":[{"href":"https:\/\/www.semanariolocal.cl\/index.php?rest_route=\/wp\/v2\/posts"}],"about":[{"href":"https:\/\/www.semanariolocal.cl\/index.php?rest_route=\/wp\/v2\/types\/post"}],"author":[{"embeddable":true,"href":"https:\/\/www.semanariolocal.cl\/index.php?rest_route=\/wp\/v2\/users\/1"}],"replies":[{"embeddable":true,"href":"https:\/\/www.semanariolocal.cl\/index.php?rest_route=%2Fwp%2Fv2%2Fcomments&post=13986"}],"version-history":[{"count":1,"href":"https:\/\/www.semanariolocal.cl\/index.php?rest_route=\/wp\/v2\/posts\/13986\/revisions"}],"predecessor-version":[{"id":13988,"href":"https:\/\/www.semanariolocal.cl\/index.php?rest_route=\/wp\/v2\/posts\/13986\/revisions\/13988"}],"wp:featuredmedia":[{"embeddable":true,"href":"https:\/\/www.semanariolocal.cl\/index.php?rest_route=\/wp\/v2\/media\/13987"}],"wp:attachment":[{"href":"https:\/\/www.semanariolocal.cl\/index.php?rest_route=%2Fwp%2Fv2%2Fmedia&parent=13986"}],"wp:term":[{"taxonomy":"category","embeddable":true,"href":"https:\/\/www.semanariolocal.cl\/index.php?rest_route=%2Fwp%2Fv2%2Fcategories&post=13986"},{"taxonomy":"post_tag","embeddable":true,"href":"https:\/\/www.semanariolocal.cl\/index.php?rest_route=%2Fwp%2Fv2%2Ftags&post=13986"}],"curies":[{"name":"wp","href":"https:\/\/api.w.org\/{rel}","templated":true}]}}