{"id":13971,"date":"2023-08-07T11:18:00","date_gmt":"2023-08-07T15:18:00","guid":{"rendered":"https:\/\/www.semanariolocal.cl\/?p=13971"},"modified":"2023-08-08T23:19:07","modified_gmt":"2023-08-09T03:19:07","slug":"jardines-junji-fueron-certificados-como-amigos-de-la-lactancia-materna","status":"publish","type":"post","link":"https:\/\/www.semanariolocal.cl\/?p=13971","title":{"rendered":"Jardines Junji fueron certificados como amigos de la Lactancia Materna"},"content":{"rendered":"\n<p>La actividad de certificaci\u00f3n Jardines Infantiles Amigos de la Lactancia Materna (JIALMA) fue liderada por el director regional de JUNJI, Francisco Oshiro Riveros y representantes de la Seremi de Salud, encabezados por el jefe provincial Claudio Millaguin G\u00f3mez; adem\u00e1s, de contar con la asistencia de subdirectora de Calidad Educativa JUNJI, Claudia Alvarez;&nbsp;coordinadora JUNJI Osorno, Claudia Hornig y directoras de los establecimientos, entre otros actores sociales.<\/p>\n\n\n\n<p>El acto de certificaci\u00f3n se realiz\u00f3 Bajo el slogan \u201cAmamantar y Trabajar: \u00a1hagamos que sea posible!\u201d, cuya campa\u00f1a busca que la educaci\u00f3n parvularia refuerce las medidas de protecci\u00f3n de la lactancia materna, con el objetivo de favorecer la igualdad de oportunidades para los ni\u00f1os y ni\u00f1as y el apoyo a las familias en una crianza segura que incentive el desarrollo integral de sus hijos e hijas.<\/p>\n\n\n\n<p>Asimismo, a trav\u00e9s de este diploma las comunidades educativas se comprometan activamente a desempe\u00f1ar un papel fundamental en el empoderamiento de las familias y en el mantenimiento de entornos favorables a la lactancia materna en la vida laboral postpandemia.<\/p>\n\n\n\n<figure class=\"wp-block-image size-full\"><img loading=\"lazy\" decoding=\"async\" width=\"1000\" height=\"600\" src=\"https:\/\/www.semanariolocal.cl\/wp-content\/uploads\/2023\/08\/lactancia2.jpg\" alt=\"\" class=\"wp-image-13973\" srcset=\"https:\/\/www.semanariolocal.cl\/wp-content\/uploads\/2023\/08\/lactancia2.jpg 1000w, https:\/\/www.semanariolocal.cl\/wp-content\/uploads\/2023\/08\/lactancia2-300x180.jpg 300w, https:\/\/www.semanariolocal.cl\/wp-content\/uploads\/2023\/08\/lactancia2-768x461.jpg 768w\" sizes=\"auto, (max-width: 1000px) 100vw, 1000px\" \/><\/figure>\n\n\n\n<p>\u201cPara nosotros como JUNJI la maternidad es fundamental, nosotros atendemos ni\u00f1os de la primera infancia y dentro de toda la infraestructura que nosotros tenemos considerada la sala de amamantamiento, adem\u00e1s de generar los espacios de acogidas, de afecto, de bienvenida a las mam\u00e1s y especialmente a los ni\u00f1os, para que ellos se sientan que este sea un espacio muy especial\u201d, resalt\u00f3 el director Francisco Oshiro.<\/p>\n\n\n\n<p>En tanto, el jefe provincial de la Oficina de la Seremi de Salud Osorno, Claudio Millaguin, destac\u00f3 el trabajo intersectorial desarrollado entre ambas instituciones en beneficio a la protecci\u00f3n de la maternidad y ni\u00f1ez. \u201cPrimero resalta la importancia de la lactancia materna para el desarrollo cognitivo, biol\u00f3gico de los ni\u00f1os, pero tambi\u00e9n aqu\u00ed hay una importancia social con respecto a la protecci\u00f3n de la maternidad, a la protecci\u00f3n de la ni\u00f1ez y eso es lo que estamos buscando como programa de Gobierno\u201d, afirm\u00f3 la autoridad de Salud.<\/p>\n\n\n\n<p>En definitiva, la celebraci\u00f3n de la Semana Mundial de la Lactancia Materna busca crear en todo el mundo un entorno que permita a las mujeres amamantar a sus hijos o hijas de forma exclusiva durante los primeros seis meses de vida y continuar la lactancia materna por dos a\u00f1os o m\u00e1s.<\/p>\n\n\n\n<p>En Chile se cuenta con los siguientes derechos laborales que protegen la maternidad y con ello se favorece el proceso de la lactancia materna, descanso y subsidio por permisos prenatal, postnatal y postnatal parental, fuero maternal (desde el inicio del embarazo hasta un a\u00f1o despu\u00e9s de que termin\u00f3 el descanso postnatal), permiso por enfermedad grave de un hijo o hija menor de un a\u00f1o, derecho para alimentar al hijo o hija menor de dos a\u00f1os, derecho a sala cuna, descanso y subsidios por permiso postnatales para padres adoptivos.<\/p>\n","protected":false},"excerpt":{"rendered":"<p>Unidades educativas Capullito y Papelucho de Osorno y Milla-Antu de Puerto Montt fueron reconocidas por la Seremi de Salud y JUNJI en el marco de la celebraci\u00f3n de la Semana de la Lactancia Materna.<\/p>\n","protected":false},"author":1,"featured_media":13972,"comment_status":"closed","ping_status":"closed","sticky":false,"template":"","format":"standard","meta":{"footnotes":""},"categories":[3,11],"tags":[2103,337,348,273,132,247,133],"class_list":["post-13971","post","type-post","status-publish","format-standard","has-post-thumbnail","hentry","category-al-dia","category-educacion","tag-carmencita-capullares","tag-informacion","tag-junji-los-lagos","tag-noticias","tag-osorno","tag-region-de-los-lagos","tag-semanario-local"],"_links":{"self":[{"href":"https:\/\/www.semanariolocal.cl\/index.php?rest_route=\/wp\/v2\/posts\/13971","targetHints":{"allow":["GET"]}}],"collection":[{"href":"https:\/\/www.semanariolocal.cl\/index.php?rest_route=\/wp\/v2\/posts"}],"about":[{"href":"https:\/\/www.semanariolocal.cl\/index.php?rest_route=\/wp\/v2\/types\/post"}],"author":[{"embeddable":true,"href":"https:\/\/www.semanariolocal.cl\/index.php?rest_route=\/wp\/v2\/users\/1"}],"replies":[{"embeddable":true,"href":"https:\/\/www.semanariolocal.cl\/index.php?rest_route=%2Fwp%2Fv2%2Fcomments&post=13971"}],"version-history":[{"count":1,"href":"https:\/\/www.semanariolocal.cl\/index.php?rest_route=\/wp\/v2\/posts\/13971\/revisions"}],"predecessor-version":[{"id":13974,"href":"https:\/\/www.semanariolocal.cl\/index.php?rest_route=\/wp\/v2\/posts\/13971\/revisions\/13974"}],"wp:featuredmedia":[{"embeddable":true,"href":"https:\/\/www.semanariolocal.cl\/index.php?rest_route=\/wp\/v2\/media\/13972"}],"wp:attachment":[{"href":"https:\/\/www.semanariolocal.cl\/index.php?rest_route=%2Fwp%2Fv2%2Fmedia&parent=13971"}],"wp:term":[{"taxonomy":"category","embeddable":true,"href":"https:\/\/www.semanariolocal.cl\/index.php?rest_route=%2Fwp%2Fv2%2Fcategories&post=13971"},{"taxonomy":"post_tag","embeddable":true,"href":"https:\/\/www.semanariolocal.cl\/index.php?rest_route=%2Fwp%2Fv2%2Ftags&post=13971"}],"curies":[{"name":"wp","href":"https:\/\/api.w.org\/{rel}","templated":true}]}}