{"id":13968,"date":"2023-08-07T22:24:48","date_gmt":"2023-08-08T02:24:48","guid":{"rendered":"https:\/\/www.semanariolocal.cl\/?p=13968"},"modified":"2023-08-08T23:02:46","modified_gmt":"2023-08-09T03:02:46","slug":"destinan-450-millones-de-pesos-para-mejoras-en-escuela-rural-de-bahia-mansa","status":"publish","type":"post","link":"https:\/\/www.semanariolocal.cl\/?p=13968","title":{"rendered":"Destinan 450 Millones de pesos para mejoras en Escuela Rural de Bah\u00eda Mansa"},"content":{"rendered":"\n<p>En un paso significativo hacia la mejora de la infraestructura educativa, la Municipalidad de San Juan de la Costa se ha adjudicado con \u00e9xito el proyecto de Conservaci\u00f3n de Infraestructura Convocatoria 2023 destinado a la Escuela Rural de Bah\u00eda Mansa.<\/p>\n\n\n\n<p>Con una inversi\u00f3n total de 450 millones de pesos, este proyecto es parte integral del Programa de Fortalecimiento de la Educaci\u00f3n Escolar P\u00fablica. El enfoque principal se centrar\u00e1 en la renovaci\u00f3n y mejora de las instalaciones de la escuela, con el prop\u00f3sito de proporcionar un entorno seguro y adecuado para el proceso de aprendizaje.<\/p>\n\n\n\n<p>Ximena Tiznado, Directora del Departamento de Educaci\u00f3n Municipal de San Juan de la Costa, mencion\u00f3 que dicho proyecto&nbsp; \u00abcontempla el recambio de cubierta, el mejoramiento de servicios higi\u00e9nicos y todo lo que tiene que ver con el tratamiento de deshechos del establecimiento\u00bb. Esta amplia gama de mejoras est\u00e1 dise\u00f1ada para elevar la calidad del ambiente escolar y garantizar condiciones \u00f3ptimas para los estudiantes y el personal educativo.<\/p>\n\n\n\n<p>El proyecto entrar\u00e1 en la etapa de firma de convenio y la preparaci\u00f3n de licitaci\u00f3n y se espera que el inicio de las obras sea en noviembre de este a\u00f1o.<\/p>\n\n\n\n<p>Se estima que la ejecuci\u00f3n de las mejoras propuestas se lleve a cabo de manera progresiva, con el objetivo de minimizar las molestias para los estudiantes y el personal escolar.<\/p>\n","protected":false},"excerpt":{"rendered":"<p>Con una inversi\u00f3n total de 450 millones de pesos, este proyecto es parte integral del Programa de Fortalecimiento de la Educaci\u00f3n Escolar P\u00fablica.<\/p>\n","protected":false},"author":1,"featured_media":13969,"comment_status":"closed","ping_status":"closed","sticky":false,"template":"","format":"standard","meta":{"footnotes":""},"categories":[3,8],"tags":[273,132,247,136,133],"class_list":["post-13968","post","type-post","status-publish","format-standard","has-post-thumbnail","hentry","category-al-dia","category-comunas","tag-noticias","tag-osorno","tag-region-de-los-lagos","tag-san-juan-de-la-costa","tag-semanario-local"],"_links":{"self":[{"href":"https:\/\/www.semanariolocal.cl\/index.php?rest_route=\/wp\/v2\/posts\/13968","targetHints":{"allow":["GET"]}}],"collection":[{"href":"https:\/\/www.semanariolocal.cl\/index.php?rest_route=\/wp\/v2\/posts"}],"about":[{"href":"https:\/\/www.semanariolocal.cl\/index.php?rest_route=\/wp\/v2\/types\/post"}],"author":[{"embeddable":true,"href":"https:\/\/www.semanariolocal.cl\/index.php?rest_route=\/wp\/v2\/users\/1"}],"replies":[{"embeddable":true,"href":"https:\/\/www.semanariolocal.cl\/index.php?rest_route=%2Fwp%2Fv2%2Fcomments&post=13968"}],"version-history":[{"count":1,"href":"https:\/\/www.semanariolocal.cl\/index.php?rest_route=\/wp\/v2\/posts\/13968\/revisions"}],"predecessor-version":[{"id":13970,"href":"https:\/\/www.semanariolocal.cl\/index.php?rest_route=\/wp\/v2\/posts\/13968\/revisions\/13970"}],"wp:featuredmedia":[{"embeddable":true,"href":"https:\/\/www.semanariolocal.cl\/index.php?rest_route=\/wp\/v2\/media\/13969"}],"wp:attachment":[{"href":"https:\/\/www.semanariolocal.cl\/index.php?rest_route=%2Fwp%2Fv2%2Fmedia&parent=13968"}],"wp:term":[{"taxonomy":"category","embeddable":true,"href":"https:\/\/www.semanariolocal.cl\/index.php?rest_route=%2Fwp%2Fv2%2Fcategories&post=13968"},{"taxonomy":"post_tag","embeddable":true,"href":"https:\/\/www.semanariolocal.cl\/index.php?rest_route=%2Fwp%2Fv2%2Ftags&post=13968"}],"curies":[{"name":"wp","href":"https:\/\/api.w.org\/{rel}","templated":true}]}}