{"id":13954,"date":"2023-08-08T21:39:10","date_gmt":"2023-08-09T01:39:10","guid":{"rendered":"https:\/\/www.semanariolocal.cl\/?p=13954"},"modified":"2023-08-08T21:39:11","modified_gmt":"2023-08-09T01:39:11","slug":"camara-aprueba-proyecto-que-sancionara-porte-de-combustible-en-las-manifestaciones","status":"publish","type":"post","link":"https:\/\/www.semanariolocal.cl\/?p=13954","title":{"rendered":"C\u00e1mara aprueba proyecto que sancionar\u00e1 porte de combustible en las manifestaciones"},"content":{"rendered":"\n<p>En el marco de la \u201cagenda de seguridad\u201d que el Congreso Nacional acord\u00f3 legislar para combatir la delincuencia y mejorar la sensaci\u00f3n de seguridad en el pa\u00eds, el diputado por la Regi\u00f3n de O\u2019Higgins, Eduardo Cornejo (UDI), valor\u00f3 el respald\u00f3 al proyecto de ley que sancionar\u00e1, en el contexto de una manifestaci\u00f3n p\u00fablica, el porte injustificado de combustibles que puedan ser utilizados para cometer cualquier delito, como el lanzamiento de bombas molotov, barricadas o atentar contra Carabineros.<\/p>\n\n\n\n<p>Al respecto, si bien el parlamentario gremialista explic\u00f3 que la finalidad de la iniciativa -que ahora deber\u00e1 ser aprobada por el Senado para convertirse en ley- apunta a prevenir que delincuentes y violentistas puedan utilizar dichos elementos para atentar contra las autoridades o provocar ataques incendiarios, como ocurri\u00f3 durante las violentas manifestaciones de 2019, asegur\u00f3 que tambi\u00e9n contribuir\u00e1 a proteger a quienes protesten de manera pac\u00edfica, al igual que a las propias polic\u00edas.<\/p>\n\n\n\n<p>En esa l\u00ednea, Cornejo detall\u00f3 que la futura ley facultar\u00e1 a Carabineros a que puedan detener a las personas que, participando de una manifestaci\u00f3n p\u00fablica, porten alg\u00fan tipo de combustible sin justificar su procedencia ni uso. Asimismo, quienes incurran en dicha falta arriesgar\u00e1n una multa de hasta 20 UTM, es decir, de casi $1,3 millones de pesos. Por \u00faltimo, tambi\u00e9n se aprob\u00f3 una sanci\u00f3n penal de 61 a 540 d\u00edas para los mismos efectos, la que ahora deber\u00e1 ser ratificada por el Senado.<\/p>\n\n\n\n<p>\u201cEste es un proyecto de ley sumamente importante en este minuto, no s\u00f3lo porque fortaleceremos el derecho de todas las personas a manifestarse libre y pac\u00edficamente en nuestro pa\u00eds, sino que tambi\u00e9n porque nos permitir\u00e1 enfrentar de mejor forma a los delincuentes y violentistas que se dedican a atentar contra los funcionarios policiales, a provocar ataques incendiarios o a generar barricadas en la v\u00eda p\u00fablica. Ninguna persona va a una manifestaci\u00f3n con un bid\u00f3n de bencina o acelerante, salvo que quiera justamente cometer alg\u00fan delito\u201d, destac\u00f3 el representante del Distrito 16.<\/p>\n","protected":false},"excerpt":{"rendered":"<p>El proyecto proteger\u00e1 a quienes protesten de manera pac\u00edfica, permitiendo que las polic\u00edas puedan detener a cualquier persona que tenga alg\u00fan elemento que sirva para la confecci\u00f3n de bombas molotov o cometer barricadas.<\/p>\n","protected":false},"author":1,"featured_media":13955,"comment_status":"closed","ping_status":"closed","sticky":false,"template":"","format":"standard","meta":{"footnotes":""},"categories":[3],"tags":[],"class_list":["post-13954","post","type-post","status-publish","format-standard","has-post-thumbnail","hentry","category-al-dia"],"_links":{"self":[{"href":"https:\/\/www.semanariolocal.cl\/index.php?rest_route=\/wp\/v2\/posts\/13954","targetHints":{"allow":["GET"]}}],"collection":[{"href":"https:\/\/www.semanariolocal.cl\/index.php?rest_route=\/wp\/v2\/posts"}],"about":[{"href":"https:\/\/www.semanariolocal.cl\/index.php?rest_route=\/wp\/v2\/types\/post"}],"author":[{"embeddable":true,"href":"https:\/\/www.semanariolocal.cl\/index.php?rest_route=\/wp\/v2\/users\/1"}],"replies":[{"embeddable":true,"href":"https:\/\/www.semanariolocal.cl\/index.php?rest_route=%2Fwp%2Fv2%2Fcomments&post=13954"}],"version-history":[{"count":1,"href":"https:\/\/www.semanariolocal.cl\/index.php?rest_route=\/wp\/v2\/posts\/13954\/revisions"}],"predecessor-version":[{"id":13956,"href":"https:\/\/www.semanariolocal.cl\/index.php?rest_route=\/wp\/v2\/posts\/13954\/revisions\/13956"}],"wp:featuredmedia":[{"embeddable":true,"href":"https:\/\/www.semanariolocal.cl\/index.php?rest_route=\/wp\/v2\/media\/13955"}],"wp:attachment":[{"href":"https:\/\/www.semanariolocal.cl\/index.php?rest_route=%2Fwp%2Fv2%2Fmedia&parent=13954"}],"wp:term":[{"taxonomy":"category","embeddable":true,"href":"https:\/\/www.semanariolocal.cl\/index.php?rest_route=%2Fwp%2Fv2%2Fcategories&post=13954"},{"taxonomy":"post_tag","embeddable":true,"href":"https:\/\/www.semanariolocal.cl\/index.php?rest_route=%2Fwp%2Fv2%2Ftags&post=13954"}],"curies":[{"name":"wp","href":"https:\/\/api.w.org\/{rel}","templated":true}]}}