{"id":13951,"date":"2023-08-08T21:35:13","date_gmt":"2023-08-09T01:35:13","guid":{"rendered":"https:\/\/www.semanariolocal.cl\/?p=13951"},"modified":"2023-08-09T10:27:46","modified_gmt":"2023-08-09T14:27:46","slug":"sence-abre-100-cupos-para-cursos-de-licencia-clase-a3-y-a5-en-puerto-montt","status":"publish","type":"post","link":"https:\/\/www.semanariolocal.cl\/?p=13951","title":{"rendered":"Sence abre 100 cupos para cursos de licencia  Clase A3 y A5 en Puerto Montt"},"content":{"rendered":"\n<p>El programa Sectorial Transporte de Sence tiene por objeto generar competencias laborales en las personas vulnerables, con el prop\u00f3sito de aumentar la posibilidad de encontrar un empleo de calidad en un Sector Productivo, espec\u00edficamente en el Sector Transporte, contribuyendo a reducir el desempleo y propender a que la formaci\u00f3n de competencias sea eficiente, eficaz, y apropiadamente compartida entre los sectores p\u00fablico y privado y as\u00ed aumentar sus ingresos.<\/p>\n\n\n<div class=\"wp-block-image\">\n<figure class=\"alignleft size-large is-resized\"><img loading=\"lazy\" decoding=\"async\" src=\"https:\/\/www.semanariolocal.cl\/wp-content\/uploads\/2023\/08\/sence22-600x600.jpg\" alt=\"\" class=\"wp-image-13976\" style=\"width:409px;height:409px\" width=\"409\" height=\"409\" srcset=\"https:\/\/www.semanariolocal.cl\/wp-content\/uploads\/2023\/08\/sence22-600x600.jpg 600w, https:\/\/www.semanariolocal.cl\/wp-content\/uploads\/2023\/08\/sence22-300x300.jpg 300w, https:\/\/www.semanariolocal.cl\/wp-content\/uploads\/2023\/08\/sence22-150x150.jpg 150w, https:\/\/www.semanariolocal.cl\/wp-content\/uploads\/2023\/08\/sence22-768x768.jpg 768w, https:\/\/www.semanariolocal.cl\/wp-content\/uploads\/2023\/08\/sence22.jpg 1000w\" sizes=\"auto, (max-width: 409px) 100vw, 409px\" \/><figcaption class=\"wp-element-caption\">Director Regional del Sence en Los Lagos Sr. Mauricio Toro Rojas<\/figcaption><\/figure>\n<\/div>\n\n\n<p>Las capacitaciones son las siguientes; curso conducente a Licencia de Conductor Profesional clase A-3, el cual habilita para conducir indistintamente, taxis, ambulancias, transporte escolar o veh\u00edculos motorizados de transporte p\u00fablico y privado de personas sin l\u00edmite de capacidad de asientos. Por su parte, el curso disponible es conducente a Licencia de Conductor Profesional Clase A-5, el que est\u00e1 destinado para conducci\u00f3n de veh\u00edculos simples y articulados para el transporte de carga, realizando -entre otras- operaciones de carga y descarga de materiales.<\/p>\n\n\n\n<p>Al respecto, el seremi de Trabajo y Previsi\u00f3n Social, \u00c1ngel Cabrera manifest\u00f3 que \u201ccon estas capacitaciones pretendemos generar competencias relevantes entre los vecinos y vecinas de Puerto Montt para que puedan tener un empleo como conductor profesional con las licencias A3 y A5. En total son 100 cupos para Puerto Montt. Por eso estamos haciendo un llamado a las personas interesadas a que postulen a estos cursos gratuitos, porque creemos que esta es una muy buena oportunidad para adquirir estas competencias y conocimientos. Como Gobierno tenemos el compromiso de generar estas capacitaciones a conductores profesionales, lo que ayuda a enfrentar la escasez de trabajadores en este rubro tan estrat\u00e9gico para mejorar la calidad de vida de todas las comunidades de nuestra regi\u00f3n\u201d.<\/p>\n\n\n\n<p>El director Regional de Sence Mauricio Toro se refiri\u00f3 a este llamado: \u201cComo Sence hemos creado la l\u00ednea de transporte donde estamos generando capacitaciones de licencia de conducir profesional con clases A3 y A5. Nuestro Observatorio Laboral de Sence, nos ha indicado que existen diferentes puestos laborales en esta materia, es por eso que como servicio nos hemos ocupado y hemos visto la necesidad y la pertinencia local. Hacemos un llamado a nuestras vecinas y vecinos de la comuna de Puerto Montt para que se inscriban en el portal www.sense.cl o dir\u00edjanse de forma presencial en nuestras oficinas de Urmeneta 690\u201d.<\/p>\n\n\n\n<p>&nbsp;Estas capacitaciones est\u00e1n dirigidas a personas pertenecientes al 60% de la poblaci\u00f3n m\u00e1s vulnerable, seg\u00fan instrumento de focalizaci\u00f3n vigente (RSH), Desde los 20 a\u00f1os, de acuerdo con lo dispuesto en el art\u00edculo 13 del D.F.L. 1, de 2007, de los Ministerios de Transportes y Telecomunicaciones y de Justicia, para obtener licencias profesionales clase A3 y A5.<\/p>\n\n\n\n<p><strong>Requisitos de acceso al Programa:<\/strong><\/p>\n\n\n\n<p>-Pertenecer al 60% de la poblaci\u00f3n m\u00e1s vulnerable.<\/p>\n\n\n\n<p>-Desde los 20 a\u00f1os, seg\u00fan normativa del Ministerio de Transportes y Telecomunicaciones.<\/p>\n\n\n\n<p>-Estar en posesi\u00f3n de licencia de conducir clase B por un periodo m\u00ednimo de 2 a\u00f1os.<\/p>\n\n\n\n<p>-Rendir examen de salud (de visi\u00f3n y audiometr\u00eda) y test psicol\u00f3gico, donde se determinen la idoneidad del postulante para desarrollarse como conductor profesional<\/p>\n\n\n\n<p><strong>Dispositivos De Apoyo Del Programa:<\/strong><\/p>\n\n\n\n<p>-Subsidio Diario $4.000<\/p>\n\n\n\n<p>-Seguros de Accidentes<\/p>\n\n\n\n<p>-instrumento Habilitante<\/p>\n\n\n\n<p>-Subsidio de Cuidado Infantil $5.000<\/p>\n\n\n\n<p>Forma de Postulaci\u00f3n:<\/p>\n\n\n\n<p>&#8211;&nbsp;&nbsp;&nbsp;&nbsp;&nbsp;&nbsp;&nbsp;&nbsp;&nbsp;&nbsp;&nbsp;&nbsp; Presencial en las oficinas de Sence y las Oficinas Municipales de Intermediaci\u00f3n Laboral (Omil)<\/p>\n\n\n\n<p>&#8211;\u00a0\u00a0\u00a0\u00a0\u00a0\u00a0\u00a0\u00a0\u00a0\u00a0\u00a0\u00a0 Web: Postulaci\u00f3n a trav\u00e9s de la plataforma habilitada en la web del Servicio. <a href=\"http:\/\/www.sence.gob.cl\"><mark style=\"background-color:rgba(0, 0, 0, 0)\" class=\"has-inline-color has-vivid-purple-color\"><strong>www.sence.gob.cl<\/strong><\/mark><\/a><\/p>\n","protected":false},"excerpt":{"rendered":"<p>Son 100 plazas gratuitas para realizar estas capacitaciones que conducen a la creaci\u00f3n de nuevos conductores profesionales.<\/p>\n","protected":false},"author":1,"featured_media":13952,"comment_status":"closed","ping_status":"closed","sticky":false,"template":"","format":"standard","meta":{"footnotes":""},"categories":[3,8,9],"tags":[337,526,273,132,113,247,133,853],"class_list":["post-13951","post","type-post","status-publish","format-standard","has-post-thumbnail","hentry","category-al-dia","category-comunas","category-gobierno","tag-informacion","tag-licencias-de-conducir","tag-noticias","tag-osorno","tag-puerto-montt","tag-region-de-los-lagos","tag-semanario-local","tag-sence"],"_links":{"self":[{"href":"https:\/\/www.semanariolocal.cl\/index.php?rest_route=\/wp\/v2\/posts\/13951","targetHints":{"allow":["GET"]}}],"collection":[{"href":"https:\/\/www.semanariolocal.cl\/index.php?rest_route=\/wp\/v2\/posts"}],"about":[{"href":"https:\/\/www.semanariolocal.cl\/index.php?rest_route=\/wp\/v2\/types\/post"}],"author":[{"embeddable":true,"href":"https:\/\/www.semanariolocal.cl\/index.php?rest_route=\/wp\/v2\/users\/1"}],"replies":[{"embeddable":true,"href":"https:\/\/www.semanariolocal.cl\/index.php?rest_route=%2Fwp%2Fv2%2Fcomments&post=13951"}],"version-history":[{"count":2,"href":"https:\/\/www.semanariolocal.cl\/index.php?rest_route=\/wp\/v2\/posts\/13951\/revisions"}],"predecessor-version":[{"id":13977,"href":"https:\/\/www.semanariolocal.cl\/index.php?rest_route=\/wp\/v2\/posts\/13951\/revisions\/13977"}],"wp:featuredmedia":[{"embeddable":true,"href":"https:\/\/www.semanariolocal.cl\/index.php?rest_route=\/wp\/v2\/media\/13952"}],"wp:attachment":[{"href":"https:\/\/www.semanariolocal.cl\/index.php?rest_route=%2Fwp%2Fv2%2Fmedia&parent=13951"}],"wp:term":[{"taxonomy":"category","embeddable":true,"href":"https:\/\/www.semanariolocal.cl\/index.php?rest_route=%2Fwp%2Fv2%2Fcategories&post=13951"},{"taxonomy":"post_tag","embeddable":true,"href":"https:\/\/www.semanariolocal.cl\/index.php?rest_route=%2Fwp%2Fv2%2Ftags&post=13951"}],"curies":[{"name":"wp","href":"https:\/\/api.w.org\/{rel}","templated":true}]}}