{"id":13945,"date":"2023-08-05T21:13:28","date_gmt":"2023-08-06T01:13:28","guid":{"rendered":"https:\/\/www.semanariolocal.cl\/?p=13945"},"modified":"2023-08-08T21:23:15","modified_gmt":"2023-08-09T01:23:15","slug":"ensayo-paes-santo-tomas-de-agosto-2023-convoco-a-la-comunidad-estudiantil-de-osorno","status":"publish","type":"post","link":"https:\/\/www.semanariolocal.cl\/?p=13945","title":{"rendered":"Ensayo Paes Santo Tom\u00e1s de Agosto 2023 convoc\u00f3 a la comunidad estudiantil de Osorno"},"content":{"rendered":"\n<p>Este pasado s\u00e1bado 5 de agosto se realiz\u00f3 una nueva instancia del Ensayo PAES 2023 en las dependencias de Santo Tom\u00e1s Osorno, donde m\u00e1s 150 estudiantes se congregaron para una nueva instancia de pr\u00e1ctica para la prueba de acceso a la educaci\u00f3n superior.<\/p>\n\n\n\n<p>El ensayo se efectu\u00f3 con los formatos conocidos en las pruebas de Matem\u00e1ticas y Comprensi\u00f3n Lectora, todo en un ambiente grato para los interesados que se dieron cita en el lugar.<\/p>\n\n\n\n<p>Entre los asistentes, algunos comentaron sobre algunas dificultades que se dieron durante la prueba de Matem\u00e1ticas ante algunos temas que no entendieron del todo o que \u201ca\u00fan no han pasado\u201d, pero definitivamente repetir\u00edan la experiencia para continuar aprendiendo m\u00e1s del sistema.<\/p>\n\n\n\n<p>Esta ocasi\u00f3n se vio marcada por la introducci\u00f3n de nuevos elementos de interacci\u00f3n con la comunidad, donde adem\u00e1s de las usuales instancias para obtener informaci\u00f3n de carreras impartidas por la instituci\u00f3n, tambi\u00e9n hubo actividades recreativas y competencias con los j\u00f3venes quienes se llevaron a casa variados premios.<\/p>\n\n\n\n<p>Al respecto, Ver\u00f3nica Le-Fort, Directora de Admisi\u00f3n de Santo Tom\u00e1s Osorno, expres\u00f3 que \u201ccomo instituci\u00f3n estamos satisfechos de la acogida que tuvo nuestra iniciativa de propiciar una vez m\u00e1s el ensayo PAES, tambi\u00e9n brindamos asesor\u00eda en la oferta acad\u00e9mica que tenemos. Por otra parte, Santo Tom\u00e1s tiene en calendario la realizaci\u00f3n de un tercer ensayo PAES, programado para el pr\u00f3ximo 30 de septiembre en forma gratuita y presencial. Hay que recordar adem\u00e1s que en la p\u00e1gina web prep\u00e1rate.santotomas.cl hay informaci\u00f3n y ensayos en las dem\u00e1s \u00e1reas, s\u00f3lo deben inscribirse en la misma p\u00e1gina e ir aprendiendo y avanzando seg\u00fan sus tiempos\u201d.<\/p>\n\n\n\n<p>Los resultados del reciente ensayo estar\u00e1n disponibles en la p\u00e1gina web resultadoensayo.santotomas.cl desde el 18 de agosto pasado el mediod\u00eda.<\/p>\n","protected":false},"excerpt":{"rendered":"<p>La actividad fue complementada con instancias de competencia y premios para los presentes.<\/p>\n","protected":false},"author":1,"featured_media":13946,"comment_status":"closed","ping_status":"closed","sticky":false,"template":"","format":"standard","meta":{"footnotes":""},"categories":[11],"tags":[337,273,132,247,133],"class_list":["post-13945","post","type-post","status-publish","format-standard","has-post-thumbnail","hentry","category-educacion","tag-informacion","tag-noticias","tag-osorno","tag-region-de-los-lagos","tag-semanario-local"],"_links":{"self":[{"href":"https:\/\/www.semanariolocal.cl\/index.php?rest_route=\/wp\/v2\/posts\/13945","targetHints":{"allow":["GET"]}}],"collection":[{"href":"https:\/\/www.semanariolocal.cl\/index.php?rest_route=\/wp\/v2\/posts"}],"about":[{"href":"https:\/\/www.semanariolocal.cl\/index.php?rest_route=\/wp\/v2\/types\/post"}],"author":[{"embeddable":true,"href":"https:\/\/www.semanariolocal.cl\/index.php?rest_route=\/wp\/v2\/users\/1"}],"replies":[{"embeddable":true,"href":"https:\/\/www.semanariolocal.cl\/index.php?rest_route=%2Fwp%2Fv2%2Fcomments&post=13945"}],"version-history":[{"count":1,"href":"https:\/\/www.semanariolocal.cl\/index.php?rest_route=\/wp\/v2\/posts\/13945\/revisions"}],"predecessor-version":[{"id":13947,"href":"https:\/\/www.semanariolocal.cl\/index.php?rest_route=\/wp\/v2\/posts\/13945\/revisions\/13947"}],"wp:featuredmedia":[{"embeddable":true,"href":"https:\/\/www.semanariolocal.cl\/index.php?rest_route=\/wp\/v2\/media\/13946"}],"wp:attachment":[{"href":"https:\/\/www.semanariolocal.cl\/index.php?rest_route=%2Fwp%2Fv2%2Fmedia&parent=13945"}],"wp:term":[{"taxonomy":"category","embeddable":true,"href":"https:\/\/www.semanariolocal.cl\/index.php?rest_route=%2Fwp%2Fv2%2Fcategories&post=13945"},{"taxonomy":"post_tag","embeddable":true,"href":"https:\/\/www.semanariolocal.cl\/index.php?rest_route=%2Fwp%2Fv2%2Ftags&post=13945"}],"curies":[{"name":"wp","href":"https:\/\/api.w.org\/{rel}","templated":true}]}}