{"id":13942,"date":"2023-08-08T21:13:03","date_gmt":"2023-08-09T01:13:03","guid":{"rendered":"https:\/\/www.semanariolocal.cl\/?p=13942"},"modified":"2023-08-09T11:11:32","modified_gmt":"2023-08-09T15:11:32","slug":"pacto-fiscal-un-anuncio-que-no-convence","status":"publish","type":"post","link":"https:\/\/www.semanariolocal.cl\/?p=13942","title":{"rendered":"Pacto fiscal, un anuncio que no convence"},"content":{"rendered":"\n<p>El Presidente de la Naci\u00f3n, Gabriel Boric, dio a conocer la propuesta final para un Pacto Fiscal que permita generar recursos para las reformas del Gobierno, en lo que se conoce como un segundo intento de reforma tributaria. El documento vino precedido por m\u00faltiples reuniones del ministro de Hacienda con el mundo privado, empresarios grandes y chicos, que se ver\u00edan notoriamente afectados por un alza en los impuestos.<\/p>\n\n\n\n<p>Tomando en cuenta los planteamientos de todos los sectores -como la Confederaci\u00f3n de la Producci\u00f3n y el Comercio (CPC), pymes, partidos pol\u00edticos, la Central Unitaria de Trabajadores (CUT) y organizaciones de la sociedad civil-, el ministro de Hacienda Mario Marcel estar\u00eda centrando su propuesta con foco en la inversi\u00f3n y en incrementar la productividad.<\/p>\n\n\n\n<p>La discusi\u00f3n tom\u00f3 otro rumbo este a\u00f1o, el Caso Convenios cambi\u00f3 la contingencia y abri\u00f3 distintos flancos, agrietando todav\u00eda m\u00e1s la poca confianza hacia la pol\u00edtica, justo en plenas &nbsp;negociaciones. Con ello, desde el mundo empresarial y la oposici\u00f3n, las puertas se cerraron frente a un aumento en impuestos, por lo que ya no es un camino viable para una reforma.<\/p>\n\n\n\n<p>De manejarse bien el proyecto, el Gobierno debiera poner el foco en impulsar medidas contra la&nbsp;evasi\u00f3n para corregir la informalidad, y en t\u00e9rminos de elusi\u00f3n tributaria, modificar la ley cu\u00e1ndo no signifique un deterioro de los derechos de los contribuyentes. Es en este punto donde ahora deber\u00edan estar todos los esfuerzos, pensando en todos los recursos que dejar\u00e1 de recaudar el pa\u00eds por estos motivos.<\/p>\n\n\n\n<p>Eso s\u00ed, para el Gobierno&nbsp;es hora de bajar las expectativas. Tras el rechazo inicial de la reforma, las conversaciones han apuntado a que el Ejecutivo debe revisar a qu\u00e9 darle prioridad y c\u00f3mo enfocar estos nuevos recursos al alero de transparencia y probidad. Pero al mismo tiempo, debe generar proyectos y medidas procrecimiento, que impulsen la inversi\u00f3n y apuntalen a una econom\u00eda cada vez m\u00e1s expectante a una falta de certeza jur\u00eddica.<\/p>\n\n\n\n<p>Ahora, el ministro Marcel present\u00f3 en marzo un segundo proyecto que apunta a reformar el sistema de impuesto a la renta con, entre otros, aumentos a los impuestos. Cabe hacerse sinceramente la pregunta: \u00bfNecesitamos m\u00e1s impuestos?<\/p>\n\n\n\n<p>Abogado <strong>Pablo Bravo Burnier &#8211; <\/strong>Mag\u00edster en Gesti\u00f3n Tributaria &#8211;  firma de abogados\u00a0<a href=\"http:\/\/www.apparcel.cl\/\" target=\"_blank\" rel=\"noreferrer noopener\">Apparcel Uriarte<\/a><\/p>\n","protected":false},"excerpt":{"rendered":"<p>Tras el rechazo inicial de la reforma, las conversaciones han apuntado a que el Ejecutivo debe revisar a qu\u00e9 darle prioridad y c\u00f3mo enfocar estos nuevos recursos al alero de transparencia y probidad.<\/p>\n","protected":false},"author":1,"featured_media":13943,"comment_status":"closed","ping_status":"closed","sticky":false,"template":"","format":"standard","meta":{"footnotes":""},"categories":[7],"tags":[337,273,132,247,133],"class_list":["post-13942","post","type-post","status-publish","format-standard","has-post-thumbnail","hentry","category-opinion","tag-informacion","tag-noticias","tag-osorno","tag-region-de-los-lagos","tag-semanario-local"],"_links":{"self":[{"href":"https:\/\/www.semanariolocal.cl\/index.php?rest_route=\/wp\/v2\/posts\/13942","targetHints":{"allow":["GET"]}}],"collection":[{"href":"https:\/\/www.semanariolocal.cl\/index.php?rest_route=\/wp\/v2\/posts"}],"about":[{"href":"https:\/\/www.semanariolocal.cl\/index.php?rest_route=\/wp\/v2\/types\/post"}],"author":[{"embeddable":true,"href":"https:\/\/www.semanariolocal.cl\/index.php?rest_route=\/wp\/v2\/users\/1"}],"replies":[{"embeddable":true,"href":"https:\/\/www.semanariolocal.cl\/index.php?rest_route=%2Fwp%2Fv2%2Fcomments&post=13942"}],"version-history":[{"count":2,"href":"https:\/\/www.semanariolocal.cl\/index.php?rest_route=\/wp\/v2\/posts\/13942\/revisions"}],"predecessor-version":[{"id":13982,"href":"https:\/\/www.semanariolocal.cl\/index.php?rest_route=\/wp\/v2\/posts\/13942\/revisions\/13982"}],"wp:featuredmedia":[{"embeddable":true,"href":"https:\/\/www.semanariolocal.cl\/index.php?rest_route=\/wp\/v2\/media\/13943"}],"wp:attachment":[{"href":"https:\/\/www.semanariolocal.cl\/index.php?rest_route=%2Fwp%2Fv2%2Fmedia&parent=13942"}],"wp:term":[{"taxonomy":"category","embeddable":true,"href":"https:\/\/www.semanariolocal.cl\/index.php?rest_route=%2Fwp%2Fv2%2Fcategories&post=13942"},{"taxonomy":"post_tag","embeddable":true,"href":"https:\/\/www.semanariolocal.cl\/index.php?rest_route=%2Fwp%2Fv2%2Ftags&post=13942"}],"curies":[{"name":"wp","href":"https:\/\/api.w.org\/{rel}","templated":true}]}}