{"id":13929,"date":"2023-08-06T00:10:54","date_gmt":"2023-08-06T04:10:54","guid":{"rendered":"https:\/\/www.semanariolocal.cl\/?p=13929"},"modified":"2023-08-06T00:10:54","modified_gmt":"2023-08-06T04:10:54","slug":"osorno-gano-el-campeonato-provincial-de-voleibol-sub-14-de-los-juegos-deportivos-escolares","status":"publish","type":"post","link":"https:\/\/www.semanariolocal.cl\/?p=13929","title":{"rendered":"Osorno gan\u00f3 el Campeonato Provincial de V\u00f3leibol Sub 14 de los Juegos Deportivos Escolares"},"content":{"rendered":"\n<p>Los equipos del Instituto Alem\u00e1n de Osorno en damas y del Colegio Saint Thomas en varones, se adjudicaron el Campeonato Provincial de V\u00f3leibol Sub 14 de los Juegos Deportivos Escolares.<\/p>\n\n\n\n<p>La competencia fue organizada por el Deporte de Competici\u00f3n del Instituto Nacional de Deportes y se efectu\u00f3 en el gimnasio del Instituto Alem\u00e1n de Osorno.<\/p>\n\n\n\n<p>En esta fase participaron tambi\u00e9n las representantes del Colegio Preciosa Sangre de Purranque y del Colegio Sagrada Familia de R\u00edo Negro en damas y en varones, el elenco del Colegio Ingl\u00e9s de Purranque.<\/p>\n\n\n\n<p>De esta manera, el primer lugar damas fue para el Instituto Alem\u00e1n de Osorno, seguido por el Colegio Preciosa Sangre de Purranque y en la tercera posici\u00f3n se ubic\u00f3, el Colegio Sagrada Familia de R\u00edo Negro.<\/p>\n\n\n\n<p>En tanto, en varones el primer lugar fue para el Colegio Saint Thomas de Osorno y la segunda posici\u00f3n fue para el Colegio Ingl\u00e9s de Purranque.<\/p>\n\n\n\n<p>Los resultados en damas fueron Osorno 2 Purranque 0, con parciales de 25\/8 y 25\/16; en el segundo encuentro Purranque gan\u00f3 por 2 a 0 ante R\u00edo Negro por 25\/8 y 25\/16 y el partido entre Osorno y R\u00edo Negro termin\u00f3 2 a 0 con parciales de 25\/7 y 25\/11. Mientras que el encuentro de los varones finaliz\u00f3 2 a 0 a favor de Osorno por sobre Purranque, con parciales de 25\/6 y 25\/12.<\/p>\n\n\n\n<p>La Seremi del Deporte, Carolina Urrutia Soto, se\u00f1al\u00f3 que \u201cfelicitamos a los ganadores y les deseamos mucho \u00e9xito en la pr\u00f3xima competencia de car\u00e1cter regional, que se efectuar\u00e1 entre el 16 y 17 de agosto en Puerto Montt\u201d.<\/p>\n","protected":false},"excerpt":{"rendered":"<p>En esta fase compitieron equipos de R\u00edo Negro, Purranque y Osorno.<\/p>\n","protected":false},"author":1,"featured_media":13930,"comment_status":"closed","ping_status":"closed","sticky":false,"template":"","format":"standard","meta":{"footnotes":""},"categories":[3,8,11],"tags":[],"class_list":["post-13929","post","type-post","status-publish","format-standard","has-post-thumbnail","hentry","category-al-dia","category-comunas","category-educacion"],"_links":{"self":[{"href":"https:\/\/www.semanariolocal.cl\/index.php?rest_route=\/wp\/v2\/posts\/13929","targetHints":{"allow":["GET"]}}],"collection":[{"href":"https:\/\/www.semanariolocal.cl\/index.php?rest_route=\/wp\/v2\/posts"}],"about":[{"href":"https:\/\/www.semanariolocal.cl\/index.php?rest_route=\/wp\/v2\/types\/post"}],"author":[{"embeddable":true,"href":"https:\/\/www.semanariolocal.cl\/index.php?rest_route=\/wp\/v2\/users\/1"}],"replies":[{"embeddable":true,"href":"https:\/\/www.semanariolocal.cl\/index.php?rest_route=%2Fwp%2Fv2%2Fcomments&post=13929"}],"version-history":[{"count":1,"href":"https:\/\/www.semanariolocal.cl\/index.php?rest_route=\/wp\/v2\/posts\/13929\/revisions"}],"predecessor-version":[{"id":13931,"href":"https:\/\/www.semanariolocal.cl\/index.php?rest_route=\/wp\/v2\/posts\/13929\/revisions\/13931"}],"wp:featuredmedia":[{"embeddable":true,"href":"https:\/\/www.semanariolocal.cl\/index.php?rest_route=\/wp\/v2\/media\/13930"}],"wp:attachment":[{"href":"https:\/\/www.semanariolocal.cl\/index.php?rest_route=%2Fwp%2Fv2%2Fmedia&parent=13929"}],"wp:term":[{"taxonomy":"category","embeddable":true,"href":"https:\/\/www.semanariolocal.cl\/index.php?rest_route=%2Fwp%2Fv2%2Fcategories&post=13929"},{"taxonomy":"post_tag","embeddable":true,"href":"https:\/\/www.semanariolocal.cl\/index.php?rest_route=%2Fwp%2Fv2%2Ftags&post=13929"}],"curies":[{"name":"wp","href":"https:\/\/api.w.org\/{rel}","templated":true}]}}