{"id":13926,"date":"2023-08-04T21:00:49","date_gmt":"2023-08-05T01:00:49","guid":{"rendered":"https:\/\/www.semanariolocal.cl\/?p=13926"},"modified":"2023-08-04T21:00:50","modified_gmt":"2023-08-05T01:00:50","slug":"sernapesca-se-anticipa-ante-eventuales-contingencias-por-fenomeno-el-nino","status":"publish","type":"post","link":"https:\/\/www.semanariolocal.cl\/?p=13926","title":{"rendered":"Sernapesca se anticipa ante eventuales contingencias por fen\u00f3meno El Ni\u00f1o"},"content":{"rendered":"\n<p>Para este a\u00f1o, este fen\u00f3meno clim\u00e1tico comenz\u00f3 a manifestarse bajo la l\u00ednea del Ecuador a partir de febrero y desde mayo sus efectos se evidenciaron en la costa norte de Chile mediante cambios en la distribuci\u00f3n espacial del recurso anchoveta.<\/p>\n\n\n\n<p>\u00abSeg\u00fan lo indicado por el Instituto de Fomento Pesquero (IFOP) basado en el panel de diagn\u00f3stico de la Oficina Nacional de Administraci\u00f3n Oce\u00e1nica y Atmosf\u00e9rica (NOAA) y los modelos de pron\u00f3stico, El Ni\u00f1o se intensificar\u00e1 en los meses de primavera, proyect\u00e1ndose hasta inicios del verano en el hemisferio sur lo que podr\u00eda generar, entre otros, que los card\u00famenes de peces se desplacen a otras zonas, o que por falta de ox\u00edgeno varen especies pel\u00e1gicas, tambi\u00e9n que se originen floraciones algales nocivas (FAN), las que a su vez pueden gatillar mortalidades de recursos pesqueros y acu\u00edcolas de forma masiva\u00bb se\u00f1al\u00f3 la directora nacional de Sernapesca, Soledad Tapia.<\/p>\n\n\n\n<p>En este marco Sernapesca inici\u00f3 una serie de coordinaciones de manera preventiva y proactiva. \u201cHemos convocado a organismos del Comit\u00e9 Interinstitucional de Contingencias Ambientales que componen Subpesca, Superintendencia de Medio Ambiente, Ministerio de Salud, la Armada, el Ministerio de Medio Ambiente, SENAPRED, entre otros, y tambi\u00e9n hemos articulado un trabajo de corresponsabilidad con las empresas privadas para que ajusten sus procedimientos y protocolos de contingencias\u201d, agreg\u00f3 Tapia.<\/p>\n\n\n\n<p>Los entes involucrados comenzaron un trabajo conjunto que contempla simulaciones documentales y tambi\u00e9n realizar simulacros de planes de emergencia. Adem\u00e1s, se realizar\u00e1n talleres en regiones de la macrozona sur austral para una sensibilizaci\u00f3n que permita que la comunidad estar al tanto del fen\u00f3meno del ni\u00f1o y los impactos ambientales que este puede traer.<\/p>\n\n\n\n<p>\u00abSeg\u00fan lo indicado por el Instituto de Fomento Pesquero (IFOP)<a><\/a>&nbsp;basado en el panel de diagn\u00f3stico de la Oficina Nacional de Administraci\u00f3n Oce\u00e1nica y Atmosf\u00e9rica (NOAA) y los modelos de pron\u00f3stico, El Ni\u00f1o se intensificar\u00e1 en los meses de primavera, proyect\u00e1ndose hasta inicios del verano en el hemisferio sur lo que podr\u00eda generar, entre otros, que los card\u00famenes de peces se desplacen a otras zonas, o que por falta de ox\u00edgeno varen especies pel\u00e1gicas, tambi\u00e9n que se originen floraciones algales nocivas (FAN), las que a su vez pueden gatillar mortalidades de recursos pesqueros y acu\u00edcolas de forma masiva\u00bb se\u00f1al\u00f3 la directora nacional de Sernapesca, Soledad Tapia.<\/p>\n\n\n\n<p>En este marco Sernapesca inici\u00f3 una serie de coordinaciones de manera preventiva y proactiva. \u201cHemos convocado a organismos del Comit\u00e9 Interinstitucional de Contingencias Ambientales que componen Subpesca, Superintendencia de Medio Ambiente, Ministerio de Salud, la Armada, el Ministerio de Medio Ambiente, SENAPRED, entre otros, y tambi\u00e9n hemos articulado un trabajo de corresponsabilidad con las empresas privadas para que ajusten sus procedimientos y protocolos de contingencias\u201d, agreg\u00f3 Tapia.<\/p>\n\n\n\n<p>Los entes involucrados comenzaron un trabajo conjunto que contempla simulaciones documentales y tambi\u00e9n realizar simulacros de planes de emergencia. Adem\u00e1s, se realizar\u00e1n talleres en regiones de la macrozona sur austral para una sensibilizaci\u00f3n que permita que la comunidad estar al tanto del fen\u00f3meno del ni\u00f1o y los impactos ambientales que este puede traer.<\/p>\n","protected":false},"excerpt":{"rendered":"<p>El Ni\u00f1o, corresponde a la fase c\u00e1lida de un fen\u00f3meno global de interacci\u00f3n del oc\u00e9ano con la atm\u00f3sfera que ocurre en la regi\u00f3n del Oc\u00e9ano Pac\u00edfico tropical, cuyas consecuencias se extienden hacia otras regiones del planeta como Am\u00e9rica del Sur, alcanzado inclusive las costas de nuestro pa\u00eds.<\/p>\n","protected":false},"author":1,"featured_media":13927,"comment_status":"closed","ping_status":"closed","sticky":false,"template":"","format":"standard","meta":{"footnotes":""},"categories":[3,9],"tags":[337,273,132,113,247,133,733],"class_list":["post-13926","post","type-post","status-publish","format-standard","has-post-thumbnail","hentry","category-al-dia","category-gobierno","tag-informacion","tag-noticias","tag-osorno","tag-puerto-montt","tag-region-de-los-lagos","tag-semanario-local","tag-sernapesca"],"_links":{"self":[{"href":"https:\/\/www.semanariolocal.cl\/index.php?rest_route=\/wp\/v2\/posts\/13926","targetHints":{"allow":["GET"]}}],"collection":[{"href":"https:\/\/www.semanariolocal.cl\/index.php?rest_route=\/wp\/v2\/posts"}],"about":[{"href":"https:\/\/www.semanariolocal.cl\/index.php?rest_route=\/wp\/v2\/types\/post"}],"author":[{"embeddable":true,"href":"https:\/\/www.semanariolocal.cl\/index.php?rest_route=\/wp\/v2\/users\/1"}],"replies":[{"embeddable":true,"href":"https:\/\/www.semanariolocal.cl\/index.php?rest_route=%2Fwp%2Fv2%2Fcomments&post=13926"}],"version-history":[{"count":1,"href":"https:\/\/www.semanariolocal.cl\/index.php?rest_route=\/wp\/v2\/posts\/13926\/revisions"}],"predecessor-version":[{"id":13928,"href":"https:\/\/www.semanariolocal.cl\/index.php?rest_route=\/wp\/v2\/posts\/13926\/revisions\/13928"}],"wp:featuredmedia":[{"embeddable":true,"href":"https:\/\/www.semanariolocal.cl\/index.php?rest_route=\/wp\/v2\/media\/13927"}],"wp:attachment":[{"href":"https:\/\/www.semanariolocal.cl\/index.php?rest_route=%2Fwp%2Fv2%2Fmedia&parent=13926"}],"wp:term":[{"taxonomy":"category","embeddable":true,"href":"https:\/\/www.semanariolocal.cl\/index.php?rest_route=%2Fwp%2Fv2%2Fcategories&post=13926"},{"taxonomy":"post_tag","embeddable":true,"href":"https:\/\/www.semanariolocal.cl\/index.php?rest_route=%2Fwp%2Fv2%2Ftags&post=13926"}],"curies":[{"name":"wp","href":"https:\/\/api.w.org\/{rel}","templated":true}]}}