{"id":13923,"date":"2023-08-04T07:49:00","date_gmt":"2023-08-04T11:49:00","guid":{"rendered":"https:\/\/www.semanariolocal.cl\/?p=13923"},"modified":"2023-08-04T20:55:19","modified_gmt":"2023-08-05T00:55:19","slug":"chile-asume-la-presidencia-de-la-alianza-mundial-8-7-contra-el-trabajo-infantil","status":"publish","type":"post","link":"https:\/\/www.semanariolocal.cl\/?p=13923","title":{"rendered":"Chile asume la presidencia de la Alianza Mundial 8.7 contra el trabajo infantil"},"content":{"rendered":"\n<p>En julio de 2023, y por un plazo de dos a\u00f1os, Chile asumi\u00f3 la presidencia de la Alianza Mundial contra el Trabajo Infantil, el Trabajo Forzoso, la Trata de Personas y la Esclavitud Moderna, conocida como Alianza 8.7 por su referencia a la meta 8.7 de los Objetivos de Desarrollo Sostenible (ODS) de la Agenda 2030 de Naciones Unidas.<\/p>\n\n\n\n<p>Esta Alianza constituye una plataforma para que sus miembros compartan informaci\u00f3n, pr\u00e1cticas prometedoras, lecciones aprendidas, colaboren y demuestren el progreso en las materias que ella aborda. Los socios incluyen gobiernos, organizaciones internacionales y regionales, organizaciones de trabajadores, miembros empresariales y de empleadores, organizaciones de la sociedad civil, instituciones acad\u00e9micas y otras partes interesadas.<\/p>\n\n\n\n<p>Dicha nominaci\u00f3n es un reconocimiento a la labor de Chile como pa\u00eds pionero de esa Alianza, luego que en 2018 la Organizaci\u00f3n Internacional del Trabajo (OIT) invitara al pa\u00eds a sumarse a esta iniciativa por su destacada pol\u00edtica nacional para combatir el trabajo infantil, el trabajo forzoso, la trata de personas y al liderazgo que ha tenido recientemente como Presidente del Consejo de Administraci\u00f3n de la OIT.<\/p>\n\n\n\n<p>Teniendo presente este alto honor y responsabilidad, el Gobierno de Chile, por medio de su Canciller\u00eda y el Ministerio del Trabajo y Previsi\u00f3n Social, coordinar\u00e1n los contenidos para una adecuada participaci\u00f3n nacional.<\/p>\n\n\n\n<p>Chile ocupar\u00e1 dicha presidencia a trav\u00e9s de su Representante ante la Oficina de las Naciones Unidas en Ginebra, Embajadora Claudia Fuentes Julio, doctora en estudios internacionales de la Universidad de Denver (Estados Unidos), quien ha trabajado como acad\u00e9mica en universidades de diversos pa\u00edses, adem\u00e1s de colaborar con m\u00faltiples organismos internacionales.<\/p>\n\n\n\n<p>Este hito se alcanza luego de haber ejercido la presidencia del Consejo de Administraci\u00f3n de la OIT, la instancia de gobernanza m\u00e1s importante del organismo multilateral, en el periodo junio de 2022 a junio de 2023. Con esto, se consolida el liderazgo regional en la materia, en consonancia con la agenda laboral y la pol\u00edtica exterior de Chile, reforzando as\u00ed el compromiso del pa\u00eds con el multilateralismo, la democracia y los derechos humanos con perspectiva de g\u00e9nero.&nbsp;<\/p>\n\n\n\n<p>M\u00e1s informaci\u00f3n en <a href=\"https:\/\/www.alliance87.org\/\">https:\/\/www.alliance87.org\/<\/a><\/p>\n","protected":false},"excerpt":{"rendered":"<p>En julio de 2023, y por un plazo de dos a\u00f1os, Chile ejercer\u00e1 la presidencia del pacto global que forma parte de los Objetivos de Desarrollo Sostenible (ODS) de la Agenda 2030 de Naciones Unidas. La presidencia de Chile ser\u00e1 representada por la Embajadora del pa\u00eds ante la ONU, Claudia Fuentes Julio.<\/p>\n","protected":false},"author":1,"featured_media":13924,"comment_status":"closed","ping_status":"closed","sticky":false,"template":"","format":"standard","meta":{"footnotes":""},"categories":[3,9],"tags":[2098,191,337,273,132,113,247,133],"class_list":["post-13923","post","type-post","status-publish","format-standard","has-post-thumbnail","hentry","category-al-dia","category-gobierno","tag-dia-del-nino","tag-gobierno","tag-informacion","tag-noticias","tag-osorno","tag-puerto-montt","tag-region-de-los-lagos","tag-semanario-local"],"_links":{"self":[{"href":"https:\/\/www.semanariolocal.cl\/index.php?rest_route=\/wp\/v2\/posts\/13923","targetHints":{"allow":["GET"]}}],"collection":[{"href":"https:\/\/www.semanariolocal.cl\/index.php?rest_route=\/wp\/v2\/posts"}],"about":[{"href":"https:\/\/www.semanariolocal.cl\/index.php?rest_route=\/wp\/v2\/types\/post"}],"author":[{"embeddable":true,"href":"https:\/\/www.semanariolocal.cl\/index.php?rest_route=\/wp\/v2\/users\/1"}],"replies":[{"embeddable":true,"href":"https:\/\/www.semanariolocal.cl\/index.php?rest_route=%2Fwp%2Fv2%2Fcomments&post=13923"}],"version-history":[{"count":1,"href":"https:\/\/www.semanariolocal.cl\/index.php?rest_route=\/wp\/v2\/posts\/13923\/revisions"}],"predecessor-version":[{"id":13925,"href":"https:\/\/www.semanariolocal.cl\/index.php?rest_route=\/wp\/v2\/posts\/13923\/revisions\/13925"}],"wp:featuredmedia":[{"embeddable":true,"href":"https:\/\/www.semanariolocal.cl\/index.php?rest_route=\/wp\/v2\/media\/13924"}],"wp:attachment":[{"href":"https:\/\/www.semanariolocal.cl\/index.php?rest_route=%2Fwp%2Fv2%2Fmedia&parent=13923"}],"wp:term":[{"taxonomy":"category","embeddable":true,"href":"https:\/\/www.semanariolocal.cl\/index.php?rest_route=%2Fwp%2Fv2%2Fcategories&post=13923"},{"taxonomy":"post_tag","embeddable":true,"href":"https:\/\/www.semanariolocal.cl\/index.php?rest_route=%2Fwp%2Fv2%2Ftags&post=13923"}],"curies":[{"name":"wp","href":"https:\/\/api.w.org\/{rel}","templated":true}]}}