{"id":13916,"date":"2023-08-04T20:43:36","date_gmt":"2023-08-05T00:43:36","guid":{"rendered":"https:\/\/www.semanariolocal.cl\/?p=13916"},"modified":"2023-08-04T20:43:37","modified_gmt":"2023-08-05T00:43:37","slug":"en-la-semana-de-la-lactancia-materna-destacan-sus-beneficios-para-la-salud","status":"publish","type":"post","link":"https:\/\/www.semanariolocal.cl\/?p=13916","title":{"rendered":"En la Semana de la Lactancia Materna destacan sus beneficios para la salud"},"content":{"rendered":"\n<p>En la Semana Mundial de la Lactancia Materna 2023, desde el Servicio de Salud Osorno (SSO), a trav\u00e9s de la referente del Programa Nacional de Salud de la Infancia (Departamento de Atenci\u00f3n Primaria), Carolina Lagos, destacan los diversos beneficios que aporta la leche materna para la salud, como un alimento \u00f3ptimo y natural.<\/p>\n\n\n\n<p>La profesional explica que&nbsp;el objetivo de esta fecha conmemorativa es fomentar la lactancia materna como alimento exclusivo desde el nacimiento y hasta al menos el 6\u00b0 mes de edad, para continuar hasta los dos a\u00f1os de vida con leche materna m\u00e1s alimentaci\u00f3n s\u00f3lida.<\/p>\n\n\n\n<p>En ese sentido, la encargada detalla que los principales beneficios de la lactancia materna son que:&nbsp;previene infecciones gastrointestinales en lactantes peque\u00f1os; disminuye el riesgo de infecciones respiratorias; disminuye el riesgo de S\u00edndrome de Muerte S\u00fabita del lactante; ayuda a prevenir el sobrepeso y la diabetes mellitus 2 en la adultez; protege contra la leucemia en la ni\u00f1ez; promueve el apego madre e hijo; promueve el desarrollo cognitivo de los beb\u00e9s; reduce el riesgo de c\u00e1ncer de mama y ovarios en las madres; disminuye la mortalidad global infantil; y protege a las madres al disminuir el riesgo de padecer diabetes tipo 2.<\/p>\n\n\n\n<p>Otros de los beneficios que tiene son que:&nbsp;disminuye el riesgo de presentar otitis media aguda; disminuye el riesgo de padecer asma y dermatitis at\u00f3pica;&nbsp;reduce el riesgo de padecer enfermedad cel\u00edaca; protege contra enfermedades infecciosas;&nbsp;adem\u00e1s&nbsp;de ser segura, econ\u00f3mica y ecol\u00f3gica.<\/p>\n\n\n\n<p>En este contexto, la referente comenta que el lema planteado este a\u00f1o por la Alianza Mundial para la Defensa de la Lactancia Materna (WABA, por sus siglas en ingl\u00e9s) es: \u201cFacilitar la lactancia materna: marcando la diferencia para madres y padres que trabajan\u201d,&nbsp;con cuya&nbsp;campa\u00f1a se busca comprometer a los gobiernos, sistemas de salud, responsables de los lugares de trabajo y comunidades, para desempe\u00f1ar activamente un papel fundamental en el empoderamiento de las familias y en el mantenimiento de entornos favorables para la lactancia materna en la vida laboral.<\/p>\n\n\n\n<p>Para conocer m\u00e1s sobre los beneficios de la lactancia materna, revisa el siguiente enlace del programa Chile Crece Contigo:&nbsp;<a href=\"https:\/\/www.crececontigo.gob.cl\/tema\/la-lactancia-el-mejor-alimento\/\" target=\"_blank\" rel=\"noreferrer noopener\">https:\/\/www.crececontigo.gob.cl\/tema\/la-lactancia-el-mejor-alimento\/<\/a>.<\/p>\n","protected":false},"excerpt":{"rendered":"<p>\u201cFacilitar la lactancia materna: marcando la diferencia para madres y padres que trabajan\u201d, es el lema de este a\u00f1o.<\/p>\n","protected":false},"author":1,"featured_media":13917,"comment_status":"closed","ping_status":"closed","sticky":false,"template":"","format":"standard","meta":{"footnotes":""},"categories":[3],"tags":[],"class_list":["post-13916","post","type-post","status-publish","format-standard","has-post-thumbnail","hentry","category-al-dia"],"_links":{"self":[{"href":"https:\/\/www.semanariolocal.cl\/index.php?rest_route=\/wp\/v2\/posts\/13916","targetHints":{"allow":["GET"]}}],"collection":[{"href":"https:\/\/www.semanariolocal.cl\/index.php?rest_route=\/wp\/v2\/posts"}],"about":[{"href":"https:\/\/www.semanariolocal.cl\/index.php?rest_route=\/wp\/v2\/types\/post"}],"author":[{"embeddable":true,"href":"https:\/\/www.semanariolocal.cl\/index.php?rest_route=\/wp\/v2\/users\/1"}],"replies":[{"embeddable":true,"href":"https:\/\/www.semanariolocal.cl\/index.php?rest_route=%2Fwp%2Fv2%2Fcomments&post=13916"}],"version-history":[{"count":1,"href":"https:\/\/www.semanariolocal.cl\/index.php?rest_route=\/wp\/v2\/posts\/13916\/revisions"}],"predecessor-version":[{"id":13918,"href":"https:\/\/www.semanariolocal.cl\/index.php?rest_route=\/wp\/v2\/posts\/13916\/revisions\/13918"}],"wp:featuredmedia":[{"embeddable":true,"href":"https:\/\/www.semanariolocal.cl\/index.php?rest_route=\/wp\/v2\/media\/13917"}],"wp:attachment":[{"href":"https:\/\/www.semanariolocal.cl\/index.php?rest_route=%2Fwp%2Fv2%2Fmedia&parent=13916"}],"wp:term":[{"taxonomy":"category","embeddable":true,"href":"https:\/\/www.semanariolocal.cl\/index.php?rest_route=%2Fwp%2Fv2%2Fcategories&post=13916"},{"taxonomy":"post_tag","embeddable":true,"href":"https:\/\/www.semanariolocal.cl\/index.php?rest_route=%2Fwp%2Fv2%2Ftags&post=13916"}],"curies":[{"name":"wp","href":"https:\/\/api.w.org\/{rel}","templated":true}]}}