{"id":13913,"date":"2023-08-04T08:33:00","date_gmt":"2023-08-04T12:33:00","guid":{"rendered":"https:\/\/www.semanariolocal.cl\/?p=13913"},"modified":"2023-08-04T20:39:10","modified_gmt":"2023-08-05T00:39:10","slug":"padres-e-hijos","status":"publish","type":"post","link":"https:\/\/www.semanariolocal.cl\/?p=13913","title":{"rendered":"Padres e hijos"},"content":{"rendered":"\n<p>Ese otro, sin embargo, tiene un largo periodo en que es todav\u00eda ni\u00f1o y, por consiguiente, permanece durante ese tiempo, a\u00fan de la infancia, como alguien particularmente dependiente, vulnerable, necesitado de amor, educaci\u00f3n y protecci\u00f3n.\u00a0 La ni\u00f1ez es esa etapa de la vida todav\u00eda en tr\u00e1nsito hacia un destino que permanece muy abierto y que, sin los dem\u00e1s, sobre todo sin los propios padres, queda a la deriva, al modo como un m\u00e1stil que, despojado de su base, se inclina hacia el abismo.\u00a0<\/p>\n\n\n\n<p>Los ni\u00f1os reclaman una atenci\u00f3n \u00fanica y a largo plazo; y fundamentalmente en ellos radica la esperanza de cualquier grupo humano para sus pr\u00f3ximas d\u00e9cadas.&nbsp; Una sociedad sin ni\u00f1os es una comunidad condenada a su pr\u00f3xima extinci\u00f3n y, si bien la paternidad real dista de la representaci\u00f3n id\u00edlica que a veces se fomenta, es un suceso que sigue siendo el primer pelda\u00f1o de la continuidad de la vida y de la pervivencia de la misma historia.&nbsp;<\/p>\n\n\n\n<p><strong>Rodrigo Figueroa &#8211; Acad\u00e9mico Instituto de Estudios para la Familia &#8211; Universidad San Sebasti\u00e1n<\/strong><\/p>\n","protected":false},"excerpt":{"rendered":"<p>Quiz\u00e1s no hay relaci\u00f3n humana de mayor hondura ontol\u00f3gica que la que se da entre padres e hijos, pues la filiaci\u00f3n es como un surco inmenso que le da una dimensi\u00f3n de trascendencia inigualable a ese otro que es el \u201cm\u00e1s pr\u00f3ximo al yo\u201d. <\/p>\n","protected":false},"author":1,"featured_media":13914,"comment_status":"closed","ping_status":"closed","sticky":false,"template":"","format":"standard","meta":{"footnotes":""},"categories":[3],"tags":[337,273,132,113,247,133,1127,1126],"class_list":["post-13913","post","type-post","status-publish","format-standard","has-post-thumbnail","hentry","category-al-dia","tag-informacion","tag-noticias","tag-osorno","tag-puerto-montt","tag-region-de-los-lagos","tag-semanario-local","tag-universidad-san-sebastian","tag-uss"],"_links":{"self":[{"href":"https:\/\/www.semanariolocal.cl\/index.php?rest_route=\/wp\/v2\/posts\/13913","targetHints":{"allow":["GET"]}}],"collection":[{"href":"https:\/\/www.semanariolocal.cl\/index.php?rest_route=\/wp\/v2\/posts"}],"about":[{"href":"https:\/\/www.semanariolocal.cl\/index.php?rest_route=\/wp\/v2\/types\/post"}],"author":[{"embeddable":true,"href":"https:\/\/www.semanariolocal.cl\/index.php?rest_route=\/wp\/v2\/users\/1"}],"replies":[{"embeddable":true,"href":"https:\/\/www.semanariolocal.cl\/index.php?rest_route=%2Fwp%2Fv2%2Fcomments&post=13913"}],"version-history":[{"count":1,"href":"https:\/\/www.semanariolocal.cl\/index.php?rest_route=\/wp\/v2\/posts\/13913\/revisions"}],"predecessor-version":[{"id":13915,"href":"https:\/\/www.semanariolocal.cl\/index.php?rest_route=\/wp\/v2\/posts\/13913\/revisions\/13915"}],"wp:featuredmedia":[{"embeddable":true,"href":"https:\/\/www.semanariolocal.cl\/index.php?rest_route=\/wp\/v2\/media\/13914"}],"wp:attachment":[{"href":"https:\/\/www.semanariolocal.cl\/index.php?rest_route=%2Fwp%2Fv2%2Fmedia&parent=13913"}],"wp:term":[{"taxonomy":"category","embeddable":true,"href":"https:\/\/www.semanariolocal.cl\/index.php?rest_route=%2Fwp%2Fv2%2Fcategories&post=13913"},{"taxonomy":"post_tag","embeddable":true,"href":"https:\/\/www.semanariolocal.cl\/index.php?rest_route=%2Fwp%2Fv2%2Ftags&post=13913"}],"curies":[{"name":"wp","href":"https:\/\/api.w.org\/{rel}","templated":true}]}}