{"id":13910,"date":"2023-08-04T08:00:00","date_gmt":"2023-08-04T12:00:00","guid":{"rendered":"https:\/\/www.semanariolocal.cl\/?p=13910"},"modified":"2023-08-04T20:30:46","modified_gmt":"2023-08-05T00:30:46","slug":"invitan-a-participar-en-iniciativa-tejiendo-memorias","status":"publish","type":"post","link":"https:\/\/www.semanariolocal.cl\/?p=13910","title":{"rendered":"Invitan a participar en iniciativa \u201cTejiendo Memorias\u201d."},"content":{"rendered":"\n<p> En primera instancia se reunieron en la comuna de R\u00edo Negro con la Sra. Mar\u00eda Eufemia Catrilef Igor, dirigente social y amiga de Mar\u00eda Ester Bustamante, secretaria, dirigente sindical y militante socialista quien fuera asesinada durante la dictadura c\u00edvico -militar por miembros de Carabineros el 05 de octubre de 1973. <\/p>\n\n\n\n<p>La Seremi de la cartera de la Mujer y la Equidad de G\u00e9nero Macarena Gr\u00e9 destac\u00f3 el rol de las mujeres como ejemplo de resistencia y solidaridad, organizando ollas comunes, recomponiendo el tejido social de la \u00e9poca, visibilizando y formando las primeras organizaciones de derechos humanos. La autoridad regional indic\u00f3 que \u201ccomo Ministerio, sabemos que las mujeres fueron quienes sostuvieron la vida durante los 17 a\u00f1os de dictadura, quienes recompusieron el tejido social, fueron las que bailaron la cueca sola, las que salieron con la foto de sus familiares detenidos desaparecidos a las calles, las primeras tambi\u00e9n en denunciar los cr\u00edmenes cometidos en dictadura, como tambi\u00e9n en agruparse para hacer frente a la crisis econ\u00f3mica, sea a trav\u00e9s de ollas comunes o abriendo comedores. Nos parece fundamental que estos relatos no se pierdan y que tambi\u00e9n podamos relevar la labor que tuvieron las mujeres y tambi\u00e9n las personas de la diversidad sexual en torno a la lucha contra la dictadura.\u201d<\/p>\n\n\n\n<p>Por su parte la Seremi de la Cultura, las Artes y el Patrimonio remarc\u00f3 la importancia de visibilizar el rol que adoptaron las mujeres y las diversidades, como parte importante de la garant\u00eda de no repetici\u00f3n, al respecto se\u00f1alo que \u201cinvitamos a todas las mujeres y las diversidades a que se sumen al programa que est\u00e1 impulsando el Ministerio de la Mujer y Equidad de G\u00e9nero, llamado Tejiendo Memorias, que busca a trav\u00e9s de un archivo digital recopilar historias de mujeres y diversidades en la dictadura. Sabemos que muchas mujeres y tambi\u00e9n personas de la diversidad cumplieron un rol fundamental para buscar a las v\u00edctimas, para acompa\u00f1arse en estos procesos de dolor, pero tambi\u00e9n para denunciar. Fueron las mujeres y tambi\u00e9n las diversidades quienes avanzaron fuertemente para recuperar la democracia, por tanto, les debemos mucho y lo importante de este archivo justamente es visibilizar aquello que no se ha contado y aquello que es importante para que esto no vuelva a ocurrir. Las garant\u00edas de no repetici\u00f3n est\u00e1n relacionadas a la memoria y justamente este archivo lo que busca es avanzar en recuperar la memoria hist\u00f3rica a trav\u00e9s de los relatos de las mujeres\u201d.<\/p>\n\n\n\n<p>Mar\u00eda Eufemia Catrilef aprovech\u00f3 la instancia no solo para agradecer la oportunidad de recordar la historia para cuidar la democracia, sino para rendir homenaje a las mujeres que lucharon pero que ya no est\u00e1n, como es el caso de su gran amiga Mar\u00eda Ester Bustamante. La dirigenta social expres\u00f3 \u201cdarle las gracias a este gobierno que ha hecho recuerdos de todas estas cosas que han pasado y agradecerle a la Seremi de la Mujer y a la de Cultura, para que todas esas cosas queden, de muchas mujeres que lucharon y que hoy d\u00eda no est\u00e1n, pero que tambi\u00e9n quedan algunas todav\u00eda con memoria para que nunca m\u00e1s vuelva a ocurrir lo que nos pas\u00f3 en esos a\u00f1os.\u201d Adem\u00e1s, agreg\u00f3 \u201cMaria Ester Bustamante, fue mi amiga, mi compa\u00f1era, asesinada en dictadura y ojal\u00e1 que hagan muchas cosas por ella para que siempre la recordemos y sea una mujer reconocida por el estado.\u201d<\/p>\n\n\n\n<p>Por su parte, en Puerto Montt, otra destacada mujer se sum\u00f3 a la invitaci\u00f3n, Mar\u00eda Irma Alvarado Barr\u00eda, ex presa pol\u00edtica y Presidenta de la Agrupaci\u00f3n de Ex Presos Pol\u00edticos \u00abSalvador Allende\u00bb se\u00f1al\u00f3: \u201cYo, con mucho entusiasmo, asumo esta responsabilidad de participar en este proyecto Tejiendo Memoria, que auspicia el Ministerio de la Mujer, que tiene como objetivo dejar grabado, dejar constancia de lo que han sido las memorias de todo este tiempo de la dictadura. Yo lo hago con mucho gusto porque creo que nosotros no debemos perder el beneficio de la memoria, porque si no tenemos memoria no podemos hacer historia y eso es un hecho que se ha comprobado ya. Yo invito a todas las mujeres que tengan sus experiencias, que las digan, que no tengan temor, que lo hagan, h\u00e1ganos conocer lo que sufrieron, lo que sintieron, lo que quisieron hacer. H\u00e1blenos de sus sue\u00f1os truncos, de sus sue\u00f1os frustrados. H\u00e1blennos de lo que quisieron hacer, de sus anhelos y de lo que hoy nos gustar\u00eda para este pa\u00eds. Entonces yo los invito a participar con todo gusto de estas memorias. No las perdamos, que ese es el material que vamos a tener para el futuro y para poder llegar a las nuevas generaciones\u201d. Expres\u00f3 la dirigente social.<\/p>\n\n\n\n<p>El 11 de septiembre de 2023 se cumplen 50 a\u00f1os del golpe de Estado que puso fin a la democracia e inici\u00f3 una dictadura c\u00edvico militar que durar\u00eda 17 a\u00f1os en Chile. Esta iniciativa del Ministerio de la Mujer y la Equidad de G\u00e9nero busca reconstruir y replantearnos el pasado desde la experiencia de las mujeres y las diversidades sexo gen\u00e9ricas, relevando su rol como una forma de resguardar el futuro y la democracia. Este proceso participativo estar\u00e1 habilitado hasta el 31 de agosto <a>y puedes enviar tus archivos al correo&nbsp;<\/a><a href=\"mailto:tejiendomemorias@minmujeryeg.gob.cl\" target=\"_blank\" rel=\"noreferrer noopener\"><strong>tejiendomemorias@minmujeryeg.gob.cl<\/strong><\/a><strong><\/strong><\/p>\n\n\n\n<p>M\u00e1s informaci\u00f3n en<strong> www.minmujeryeg.gob.cl<\/strong><\/p>\n","protected":false},"excerpt":{"rendered":"<p>La Seremi de la Mujer y la Equidad de G\u00e9nero, Macarena Gr\u00e9 Briones, junto a la Seremi de la Cultura, las Arte y el Patrimonio, Cristina A\u00f1asco, realizaron invitaci\u00f3n a participar de la iniciativa del Ministerio de la Mujer \u201cTejiendo Memorias\u201d que  busca recopilar, visibilizar y resguardar relatos y experiencias de mujeres y personas de la diversidad sexual de todo Chile, con motivo de la conmemoraci\u00f3n de los 50 a\u00f1os del Golpe c\u00edvico-militar, a trav\u00e9s de un proceso de construcci\u00f3n colectiva de memoria que se materializar\u00e1 en un archivo digital.<\/p>\n","protected":false},"author":1,"featured_media":13911,"comment_status":"closed","ping_status":"closed","sticky":false,"template":"","format":"standard","meta":{"footnotes":""},"categories":[3,10],"tags":[],"class_list":["post-13910","post","type-post","status-publish","format-standard","has-post-thumbnail","hentry","category-al-dia","category-cultura"],"_links":{"self":[{"href":"https:\/\/www.semanariolocal.cl\/index.php?rest_route=\/wp\/v2\/posts\/13910","targetHints":{"allow":["GET"]}}],"collection":[{"href":"https:\/\/www.semanariolocal.cl\/index.php?rest_route=\/wp\/v2\/posts"}],"about":[{"href":"https:\/\/www.semanariolocal.cl\/index.php?rest_route=\/wp\/v2\/types\/post"}],"author":[{"embeddable":true,"href":"https:\/\/www.semanariolocal.cl\/index.php?rest_route=\/wp\/v2\/users\/1"}],"replies":[{"embeddable":true,"href":"https:\/\/www.semanariolocal.cl\/index.php?rest_route=%2Fwp%2Fv2%2Fcomments&post=13910"}],"version-history":[{"count":1,"href":"https:\/\/www.semanariolocal.cl\/index.php?rest_route=\/wp\/v2\/posts\/13910\/revisions"}],"predecessor-version":[{"id":13912,"href":"https:\/\/www.semanariolocal.cl\/index.php?rest_route=\/wp\/v2\/posts\/13910\/revisions\/13912"}],"wp:featuredmedia":[{"embeddable":true,"href":"https:\/\/www.semanariolocal.cl\/index.php?rest_route=\/wp\/v2\/media\/13911"}],"wp:attachment":[{"href":"https:\/\/www.semanariolocal.cl\/index.php?rest_route=%2Fwp%2Fv2%2Fmedia&parent=13910"}],"wp:term":[{"taxonomy":"category","embeddable":true,"href":"https:\/\/www.semanariolocal.cl\/index.php?rest_route=%2Fwp%2Fv2%2Fcategories&post=13910"},{"taxonomy":"post_tag","embeddable":true,"href":"https:\/\/www.semanariolocal.cl\/index.php?rest_route=%2Fwp%2Fv2%2Ftags&post=13910"}],"curies":[{"name":"wp","href":"https:\/\/api.w.org\/{rel}","templated":true}]}}